{"id":41681,"date":"2025-03-22T16:44:50","date_gmt":"2025-03-22T16:44:50","guid":{"rendered":"https:\/\/247stiri.ro\/index.php\/2025\/03\/22\/cozmin-gusa-replica-acida-pentru-adrian-nastase-iti-multumesc-pentru-reclama-pozitiva-desi-e-limpede-c-ai-intentionat-exact-opusul\/"},"modified":"2025-03-22T16:44:50","modified_gmt":"2025-03-22T16:44:50","slug":"cozmin-gusa-replica-acida-pentru-adrian-nastase-iti-multumesc-pentru-reclama-pozitiva-desi-e-limpede-c-ai-intentionat-exact-opusul","status":"publish","type":"post","link":"https:\/\/247stiri.ro\/index.php\/2025\/03\/22\/cozmin-gusa-replica-acida-pentru-adrian-nastase-iti-multumesc-pentru-reclama-pozitiva-desi-e-limpede-c-ai-intentionat-exact-opusul\/","title":{"rendered":"Cozmin Gu\u0219\u0103, replic\u0103 acid\u0103 pentru Adrian N\u0103stase: \u201e\u00ce\u021bi mul\u021bumesc pentru reclama pozitiv\u0103, de\u0219i e limpede c-ai inten\u021bionat exact opusul\u201d"},"content":{"rendered":"<p>\u201eAdrian N\u0103stase, \u00ee\u021bi mul\u021bumesc pentru reclama pozitiv\u0103, de\u0219i e limpede c-ai inten\u021bionat exact opusul. S\u0103 fi\u021bi s\u0103n\u0103to\u0219i \u0219i tu \u0219i emulul t\u0103u Victora\u0219, alias \u201cmicul Titulescu\u201d, dup\u0103 cum l-ai botezat chiar tu! #Fr\u0103\u021biaSIE-\u0219tie\u201d\u201d, scrie Gu\u0219\u0103 pe Facebook.<\/p>\n\n<p>Adrian N\u0103stase a comentat mi\u0219c\u0103rile pe care le-a f\u0103cut ca pre\u0219edinte al PSD, \u00eencerc\u00e2nd s\u0103 aduc\u0103 oameni noi \u00een politic\u0103. Dou\u0103 exemple au fost date, Cozmin Gu\u0219\u0103 \u0219i Victor Ponta. Ambii au fost promova\u021bi de fostul premier.<\/p>\n<p>N\u0103stase: Cu Cozmin Gu\u0219\u0103 am gre\u0219it<\/p>\n<p>Adrian N\u0103stase a comentat mi\u0219c\u0103rile pe care le-a f\u0103cut ca pre\u0219edinte al PSD, \u00eencerc\u00e2nd s\u0103 aduc\u0103 oameni noi \u00een politic\u0103. Dou\u0103 exemple au fost date, Cozmin Gu\u0219\u0103 \u0219i Victor Ponta. Ambii au fost promova\u021bi de fostul premier.<\/p>\n<p>Cosmin Gu\u0219\u0103 a intrat \u00een PSD la \u00eenceputul anilor 2000, c\u00e2nd era \u00een jur de 30 de ani. La acel moment, el venea din zona media, fiind managerul trustului lui Dan Voiculescu. \u00cen 2003, Gu\u0219\u0103 a intrat \u00een conflict deschis cu o parte din conducerea PSD, \u00een special cu Ion Iliescu \u0219i al\u021bi membri ai \u201eg\u0103rzii vechi\u201d, fiind nevoit s\u0103 plece din partid.<\/p>\n<p>\u201cCu Cozmin Gu\u0219\u0103 am gre\u0219it. Am crezut c\u0103 poate s\u0103 aduc\u0103 un suflu nou \u00een structura de partid. Dup\u0103 ce a fost un factor de dinamizare, a \u00eencercat s\u0103-i \u00eencalece pe unii dintre oamenii care f\u0103cuser\u0103 ceva pentru PSD. Pe Miron Mitrea, Dan Ioan Popescu, \u0218erban Mih\u0103ilescu. \u00cen plus, \u00eencepuse s\u0103 umble \u00een teritoriu \u0219i voia s\u0103 schimbe tot felul de oameni \u0219i a generat foarte mult\u0103 tensiune.<\/p>","protected":false},"excerpt":{"rendered":"<p>\u201eAdrian N\u0103stase, \u00ee\u021bi mul\u021bumesc pentru reclama pozitiv\u0103, de\u0219i e limpede c-ai inten\u021bionat exact opusul. S\u0103&hellip;<\/p>\n","protected":false},"author":0,"featured_media":41678,"comment_status":"open","ping_status":"open","sticky":false,"template":"","format":"standard","meta":{"footnotes":""},"categories":[2],"tags":[],"class_list":["post-41681","post","type-post","status-publish","format-standard","has-post-thumbnail","hentry","category-actual"],"_links":{"self":[{"href":"https:\/\/247stiri.ro\/index.php\/wp-json\/wp\/v2\/posts\/41681","targetHints":{"allow":["GET"]}}],"collection":[{"href":"https:\/\/247stiri.ro\/index.php\/wp-json\/wp\/v2\/posts"}],"about":[{"href":"https:\/\/247stiri.ro\/index.php\/wp-json\/wp\/v2\/types\/post"}],"replies":[{"embeddable":true,"href":"https:\/\/247stiri.ro\/index.php\/wp-json\/wp\/v2\/comments?post=41681"}],"version-history":[{"count":0,"href":"https:\/\/247stiri.ro\/index.php\/wp-json\/wp\/v2\/posts\/41681\/revisions"}],"wp:featuredmedia":[{"embeddable":true,"href":"https:\/\/247stiri.ro\/index.php\/wp-json\/wp\/v2\/media\/41678"}],"wp:attachment":[{"href":"https:\/\/247stiri.ro\/index.php\/wp-json\/wp\/v2\/media?parent=41681"}],"wp:term":[{"taxonomy":"category","embeddable":true,"href":"https:\/\/247stiri.ro\/index.php\/wp-json\/wp\/v2\/categories?post=41681"},{"taxonomy":"post_tag","embeddable":true,"href":"https:\/\/247stiri.ro\/index.php\/wp-json\/wp\/v2\/tags?post=41681"}],"curies":[{"name":"wp","href":"https:\/\/api.w.org\/{rel}","templated":true}]}}