{"id":41701,"date":"2025-03-22T18:44:51","date_gmt":"2025-03-22T18:44:51","guid":{"rendered":"https:\/\/247stiri.ro\/index.php\/2025\/03\/22\/alerta-anm-un-nou-val-de-praf-saharian-va-lovi-romania-cand-va-avea-loc-fenomenul-si-care-sunt-zonele-vizate\/"},"modified":"2025-03-22T18:44:51","modified_gmt":"2025-03-22T18:44:51","slug":"alerta-anm-un-nou-val-de-praf-saharian-va-lovi-romania-cand-va-avea-loc-fenomenul-si-care-sunt-zonele-vizate","status":"publish","type":"post","link":"https:\/\/247stiri.ro\/index.php\/2025\/03\/22\/alerta-anm-un-nou-val-de-praf-saharian-va-lovi-romania-cand-va-avea-loc-fenomenul-si-care-sunt-zonele-vizate\/","title":{"rendered":"Alert\u0103 ANM: Un nou val de praf saharian va lovi Rom\u00e2nia. C\u00e2nd va avea loc fenomenul \u0219i care sunt zonele vizate"},"content":{"rendered":"<p>Potrivit reprezentan\u021bilor <a href=\"https:\/\/www.realitatea.net\/stiri\/actual\/anm-a-emis-cod-galben-de-vant-pentru-mai-multe-regiuni-harta_67de81190d8f69474f1807d6\" target=\"_blank\">ANM, <\/a>\u00eencep\u00e2nd de duminic\u0103 valul de praf saharian va plana deasupra Rom\u00e2niei \u0219i va putea fi observat \u00een regiunile din sudul \u021b\u0103rii.\u00a0<\/p>\n<p>\u00cen zonele \u00een care sunt anun\u021bate precipita\u021bii zilele viitoare, ar putea ap\u0103rea a\u0219a-numitul fenomen de \u201eploi murdare\u201d, avertizeaz\u0103 exper\u021bii.\u00a0<\/p>\n<p>Mai mult, meteorologii anun\u021b\u0103 c\u0103 acest fenomen va dura de duminic\u0103 p\u00e2n\u0103 joi, 27 martie, atunci c\u00e2nd masa de aer \u00eenc\u0103rcat\u0103 cu praf saharian se va \u00eendep\u0103rta de \u0163ara noastr\u0103.<\/p>\n<p>\u201d\u00cen perioada 23 \u2013 27 martie, circula\u021bia predominant sud-vestic\u0103 a aerului va favoriza avansul dinspre nordul Africii a unei mase de aer \u00eenc\u0103rcate cu particule de praf de origine saharian\u0103 c\u0103tre sud-estul Europei \u0219i deasupra sudului Rom\u00e2niei.<\/p>\n<p>Depunerile de praf vor putea fi observate \u00een intervalele \u00een care va ploua\u201d, a transmis Administra\u0163ia Na\u0163ional\u0103 de Meteorologie \u00eentr-un comunicat.<\/p>","protected":false},"excerpt":{"rendered":"<p>Potrivit reprezentan\u021bilor ANM, \u00eencep\u00e2nd de duminic\u0103 valul de praf saharian va plana deasupra Rom\u00e2niei \u0219i&hellip;<\/p>\n","protected":false},"author":0,"featured_media":41702,"comment_status":"open","ping_status":"open","sticky":false,"template":"","format":"standard","meta":{"footnotes":""},"categories":[2],"tags":[],"class_list":["post-41701","post","type-post","status-publish","format-standard","has-post-thumbnail","hentry","category-actual"],"_links":{"self":[{"href":"https:\/\/247stiri.ro\/index.php\/wp-json\/wp\/v2\/posts\/41701","targetHints":{"allow":["GET"]}}],"collection":[{"href":"https:\/\/247stiri.ro\/index.php\/wp-json\/wp\/v2\/posts"}],"about":[{"href":"https:\/\/247stiri.ro\/index.php\/wp-json\/wp\/v2\/types\/post"}],"replies":[{"embeddable":true,"href":"https:\/\/247stiri.ro\/index.php\/wp-json\/wp\/v2\/comments?post=41701"}],"version-history":[{"count":0,"href":"https:\/\/247stiri.ro\/index.php\/wp-json\/wp\/v2\/posts\/41701\/revisions"}],"wp:featuredmedia":[{"embeddable":true,"href":"https:\/\/247stiri.ro\/index.php\/wp-json\/wp\/v2\/media\/41702"}],"wp:attachment":[{"href":"https:\/\/247stiri.ro\/index.php\/wp-json\/wp\/v2\/media?parent=41701"}],"wp:term":[{"taxonomy":"category","embeddable":true,"href":"https:\/\/247stiri.ro\/index.php\/wp-json\/wp\/v2\/categories?post=41701"},{"taxonomy":"post_tag","embeddable":true,"href":"https:\/\/247stiri.ro\/index.php\/wp-json\/wp\/v2\/tags?post=41701"}],"curies":[{"name":"wp","href":"https:\/\/api.w.org\/{rel}","templated":true}]}}