{"id":41703,"date":"2025-03-22T18:44:52","date_gmt":"2025-03-22T18:44:52","guid":{"rendered":"https:\/\/247stiri.ro\/index.php\/2025\/03\/22\/liviu-alexa-arunca-bomba-care-este-cel-mai-mare-adversar-al-lui-crin-antonescu-video\/"},"modified":"2025-03-22T18:44:52","modified_gmt":"2025-03-22T18:44:52","slug":"liviu-alexa-arunca-bomba-care-este-cel-mai-mare-adversar-al-lui-crin-antonescu-video","status":"publish","type":"post","link":"https:\/\/247stiri.ro\/index.php\/2025\/03\/22\/liviu-alexa-arunca-bomba-care-este-cel-mai-mare-adversar-al-lui-crin-antonescu-video\/","title":{"rendered":"Liviu Alexa arunc\u0103 bomba. Care este cel mai mare adversar al lui Crin Antonescu VIDEO"},"content":{"rendered":"<p>\u201eO s\u0103 zice\u021bi c\u0103-s nebun, dar eu chiar \u0219tiu ce vorbesc.\u00a0Este chiar \u0219i motivul pentru care Crin Antonescu nu \u00eenainteaz\u0103 \u00een sondaje,\u00a0pentru c\u0103 exist\u0103 aceast\u0103 contr\u0103 pervers\u0103 pe care primarul din Cluj-Napoca opun\u0103 lui Crin,\u00a0a\u0219a pervers\u0103, cum \u0219tie s\u0103 fac\u0103 lucrurile, c\u0103 vorba a mai \u00eengropat vreo 2-3 pre\u0219edin\u021bi liberali p\u00e2n\u0103 acum.<\/p>\n<p>\u00a0<\/p>\n<p>Am ajuns vremurile \u00een care Ciolacu, Mihai Tudose \u0219i Paul St\u0103nescu s\u0103 fac\u0103 campanie mai abitir dec\u00e2t liberalii\u00a0pentru un candidat de provenin\u021b\u0103 liberal\u0103, cum a fost ast\u0103zi la Suceava,\u00a0c\u00e2nd Ciolacul a dat cel mai bun mesaj pentru PSD.\u00a0V\u0103, dac\u0103 nu vota\u021bi \u0219i v\u0103 m\u00e2nc\u0103 \u00een cur s\u0103 nu sus\u021bine\u021bi Crina Antonescu,\u00a0se referea la PSD-\u0219i, o s\u0103 fiu dat afar\u0103 din guvern ca premier?\u00a0Nu o s\u0103 mai avem guvern, pentru c\u0103 aceia care vin vor s\u0103 schimbe tot.\u00a0\u0218i asta, v\u0103 zic eu, pentru primarii PSD e absolut suficient ca s\u0103-i motiveze,\u00a0chiar c\u0103 nu to\u021bi vor exista 10-15% de primari care s\u0103 fac\u0103 pe \u0219mecherii,\u00a0restul se vor alinia.<\/p>\n<p>\u00a0<\/p>\n<p>Dar dinspre PNL nu se v\u0103d lucruri, nu se vede sus\u021binere,\u00a0adic\u0103 Ciucu \u0103la ar trebui dat un \u0219ut \u00een curs \u0219i disp\u0103rut afar\u0103.\u00a0Dac\u0103 \u0103la se ocup\u0103 de comunicare \u0219i campania PNL pentru Crin Antonescu a trebuit s\u0103-i fie fric\u0103.\u00a0De ce face Emil Boc contrele astea?\u00a0De ce face pe \u0219mecherul, pe domni\u0219oara pervers\u0103?\u00a0V\u0103 zic eu, c\u0103 el este un \u0219antajist politic,\u00a0\u00eentotdeauna a procedat de asemenea manier\u0103 c\u00e2nd a vrut ceva.<\/p>\n<p>\u00a0<\/p>\n<p>Acum vrea s\u0103 se tireze, s\u0103 se care de la prim\u0103ria Cluj Napoca,\u00a0\u0219i la schimb, pentru sus\u021binerea lui Crin,\u00a0vrea o promisiune ferm\u0103, din aia cu fra\u021bi de s\u00e2nge,\u00a0c\u0103 el va ajunge pre\u0219edintele Cur\u021bii Constitu\u021bionale.\u00a0Nu vrea numai judec\u0103tor, nu mai destul la fi\u021bele lui Emil,\u00a0el vrea direct pre\u0219edinte la CCR, adic\u0103 vrea s\u0103 ia locul lui Enache.\u00a0V\u0103 zic a\u0219a, de\u0219i sun\u0103 ciudat din gura mea,\u00a0Emil Boc ar trebui, sau dac\u0103 va ajunge acolo, va fi, scuza\u021bi,\u00a0un pre\u0219edinte de CCR mai r\u0103u ca o Enache, mai pervers.<\/p>\n<p>\u00a0<\/p>\n<p>Enache e un sclav, un sclav ascult\u0103tor \u0219i \u0219antajabil,\u00a0Emil Boc este un pervers.\u00a0\u0218i \u00eel avertizez public pe Clina Antonescu c\u0103 dac\u0103 accept\u0103 acest deal,\u00a0aceast\u0103 tranzac\u021bie, la schimb cu sus\u021binerea Ardealului liberal,\u00a0el se promit\u0103 c\u0103 \u00eel pune pe \u0103sta \u0219ef la CCR.\u00a0\u00cel avertizez public c\u0103 a\u0219a ce o moar\u0103 \u00een cas\u0103,\u00a0cum se zice pe la noi \u00een Ardeal,\u00a0de nu-l mai spal\u0103 \u0219apte ape territoriale \u00een viitorul s\u0103u politic,\u00a0dac\u0103 va ajunge pre\u0219edintele Rom\u00e2niei.<\/p>\n<p>\u00a0<\/p>\n<p>Pentru c\u0103 Emil Boc va func\u021biona exact pe acela\u0219i sistem\u00a0cu care a fost obi\u0219nuit,\u00a0va constr\u00e2nge, va pretinde, va \u0219antaja.\u00a0At\u00e2ta \u0219tie el despre politica,\u00a0i-a reu\u0219it p\u00e2n\u0103 acum, n-a fost nimeni s\u0103-i dea un pumn \u00een mecla aia de\u00a0povestitor \u0219i sforar politic \u0219i asta e.\u00a0Doar trei ani ce l-a mai \u021binut, c\u00e2t de c\u00e2t \u00een chingi.\u00a0Deci, liberalii sub bagheta fiasc\u0103 a lui Predoiu,\u00a0trebuie s\u0103 se decid\u0103 \u0219i ei ce \u00ee\u0219i doresc.<\/p>\n<p>\u00a0<\/p>\n<p>Oricum ar fi, din orice punct de vedere,\u00a0Crin Antonescu nu poate fi comparat cu Nicu\u0219or Dan.\u00a0Nicu\u0219or Dan este, \u00een primul r\u00e2nd, un globalist de joas\u0103 spe\u021b\u0103.\u00a0Eu sunt \u00eenc\u0103 intrigat c\u0103 Nicu\u0219or Dan are at\u00e2ta \u00een sondaje.<\/p>\n<p>\u00a0<\/p>\n<p>Eu zic c\u0103 nu are cum s\u0103 aib\u0103 aderen\u021ba asta la \u00eentreaga Rom\u00e2nie.\u00a0Poate m\u0103 \u00een\u0219el eu.\u00a0\u0218i Crina Antonescu trebuie s\u0103 bat\u0103 de data asta cu punul \u00een pas\u0103\u00a0exact acolo unde nu se a\u0219tepta.<\/p>\n<p>\u00a0<\/p>\n<p>El credea c\u0103 pesedi\u0219tii o s\u0103 i-o trag\u0103.\u00a0Uite c\u0103, nasol, o s\u0103-i atrag\u0103 peneli\u0219tii dac\u0103 nu se treze\u0219te.\u00a0E avertismentul meu.<\/p>\n<p>\u00a0<\/p>\n<p>Cred c\u0103 am dreptate \u00een tot ce spun Emil Boc \u00een acest moment.\u00a0Nu m\u0103 mai zice\u021bi de fac\u0103 precum \u0103la pensatul \u0219i botoxatul n-are nicio treab\u0103.\u00a0Emil e tartorul \u0219menurilor de acum\u201d, a declarat Liviu Alexa<\/p>\n<p><a title=\"@tsunamishit\" href=\"https:\/\/www.tiktok.com\/@tsunamishit?refer=embed\" target=\"_blank\">@tsunamishit<\/a> sa nu spuna @Crin Antonescu ca nu i-am zis: @Emil Boc a mai distrus doi presedinti liberali <a title=\"alegeri\" href=\"https:\/\/www.tiktok.com\/tag\/alegeri?refer=embed\" target=\"_blank\">#alegeri<\/a> <a title=\"alegeri2025\" href=\"https:\/\/www.tiktok.com\/tag\/alegeri2025?refer=embed\" target=\"_blank\">#alegeri2025<\/a> @PSD @partidul_national_liberal <a title=\"cluj\" href=\"https:\/\/www.tiktok.com\/tag\/cluj?refer=embed\" target=\"_blank\">#cluj<\/a> <a title=\"bucuresti\" href=\"https:\/\/www.tiktok.com\/tag\/bucuresti?refer=embed\" target=\"_blank\">#bucuresti<\/a> <a title=\"\u266c original sound - Tsunami\" href=\"https:\/\/www.tiktok.com\/music\/original-sound-7484675080576879382?refer=embed\" target=\"_blank\">\u266c original sound &#8211; Tsunami<\/a><\/p>","protected":false},"excerpt":{"rendered":"<p>\u201eO s\u0103 zice\u021bi c\u0103-s nebun, dar eu chiar \u0219tiu ce vorbesc.\u00a0Este chiar \u0219i motivul pentru&hellip;<\/p>\n","protected":false},"author":0,"featured_media":41698,"comment_status":"open","ping_status":"open","sticky":false,"template":"","format":"standard","meta":{"footnotes":""},"categories":[2],"tags":[],"class_list":["post-41703","post","type-post","status-publish","format-standard","has-post-thumbnail","hentry","category-actual"],"_links":{"self":[{"href":"https:\/\/247stiri.ro\/index.php\/wp-json\/wp\/v2\/posts\/41703","targetHints":{"allow":["GET"]}}],"collection":[{"href":"https:\/\/247stiri.ro\/index.php\/wp-json\/wp\/v2\/posts"}],"about":[{"href":"https:\/\/247stiri.ro\/index.php\/wp-json\/wp\/v2\/types\/post"}],"replies":[{"embeddable":true,"href":"https:\/\/247stiri.ro\/index.php\/wp-json\/wp\/v2\/comments?post=41703"}],"version-history":[{"count":0,"href":"https:\/\/247stiri.ro\/index.php\/wp-json\/wp\/v2\/posts\/41703\/revisions"}],"wp:featuredmedia":[{"embeddable":true,"href":"https:\/\/247stiri.ro\/index.php\/wp-json\/wp\/v2\/media\/41698"}],"wp:attachment":[{"href":"https:\/\/247stiri.ro\/index.php\/wp-json\/wp\/v2\/media?parent=41703"}],"wp:term":[{"taxonomy":"category","embeddable":true,"href":"https:\/\/247stiri.ro\/index.php\/wp-json\/wp\/v2\/categories?post=41703"},{"taxonomy":"post_tag","embeddable":true,"href":"https:\/\/247stiri.ro\/index.php\/wp-json\/wp\/v2\/tags?post=41703"}],"curies":[{"name":"wp","href":"https:\/\/api.w.org\/{rel}","templated":true}]}}