{"id":41706,"date":"2025-03-22T18:44:53","date_gmt":"2025-03-22T18:44:53","guid":{"rendered":"https:\/\/247stiri.ro\/index.php\/2025\/03\/22\/putin-crestinul-s-a-dus-la-biserica-sa-se-roage-pentru-trump\/"},"modified":"2025-03-22T18:44:53","modified_gmt":"2025-03-22T18:44:53","slug":"putin-crestinul-s-a-dus-la-biserica-sa-se-roage-pentru-trump","status":"publish","type":"post","link":"https:\/\/247stiri.ro\/index.php\/2025\/03\/22\/putin-crestinul-s-a-dus-la-biserica-sa-se-roage-pentru-trump\/","title":{"rendered":"Putin cre\u0219tinul. S-a dus la biseric\u0103 s\u0103 se roage pentru Trump"},"content":{"rendered":"<p>\u021ainta unei tentative de asasinat cu arm\u0103 de foc anul trecut, pentru s\u0103n\u0103tatea lui pre\u0219edintelui Trump s-ar fi rugat atunci \u0219i Vladimir Putin.<\/p>\n<p>Declara\u021bia a fost f\u0103cut\u0103 de emisarul special al pre\u015fedintelui Donald Trump pentru Orientul Mijlociu, care se ocup\u0103 \u015fi de rela\u0163ia administra\u0163iei SUA cu Kremlinul, potrivit Politico \u015fi Unian.<\/p>\n<p>Witkoff a vorbit despre reac\u021bia liderului de la Kremlin \u00eentr-un podcast<\/p>\n<p>\u201eC\u00e2nd Donald Trump a fost \u00eempu\u015fcat, el (Putin) a mers la o biseric\u0103 local\u0103, s-a \u00eent\u00e2lnit cu duhovnicul s\u0103u \u015fi s-a rugat pentru (viitorul) pre\u015fedinte\u201e, i-a spus Witkoff lui Tucker Carlson, fost prezentator la Fox News.<\/p>\n<p>Putin \u201eavea o rela\u0163ie de prietenie cu el \u015fi s-a rugat pentru prietenul s\u0103u\u201e, a explicat Witkoff.<\/p>\n<p>Povestea a ajuns la urechile lui Trump, care a fost \u201eimpresionat \u00een mod clar\u201e, a mai spus Witkoff.<\/p>\n<p>Fostul pre\u015fedinte Donald Trump, pe atunci candidat republican la alegerile americane din noiembrie, a fost evacuat de la un miting de campanie \u00een Pennsylvania, cu s\u00e2nge vizibil la urechea dreapt\u0103, dup\u0103 ce a fost \u021binta unor focuri de arm\u0103 care au costat via\u0163a a cel pu\u0163in o persoan\u0103 din r\u00e2ndul asisten\u0163ei, relata AFP \u015fi Reuters.<\/p>\n<p>Suspectul care a deschis focul a tras de opt ori \u0219i se afla pe un acoperi\u015f, la circa 200-250 de metri.<\/p>\n<p>\u201eEste incredibil c\u0103 un astfel de act poate avea loc \u00een \u0163ara noastr\u0103\u201d, a reac\u021bionat atunci Trump.<\/p>\n<p>Atacul armat a fost condamnat la nivel interna\u0163ional.<\/p>","protected":false},"excerpt":{"rendered":"<p>\u021ainta unei tentative de asasinat cu arm\u0103 de foc anul trecut, pentru s\u0103n\u0103tatea lui pre\u0219edintelui&hellip;<\/p>\n","protected":false},"author":0,"featured_media":41696,"comment_status":"open","ping_status":"open","sticky":false,"template":"","format":"standard","meta":{"footnotes":""},"categories":[2],"tags":[],"class_list":["post-41706","post","type-post","status-publish","format-standard","has-post-thumbnail","hentry","category-actual"],"_links":{"self":[{"href":"https:\/\/247stiri.ro\/index.php\/wp-json\/wp\/v2\/posts\/41706","targetHints":{"allow":["GET"]}}],"collection":[{"href":"https:\/\/247stiri.ro\/index.php\/wp-json\/wp\/v2\/posts"}],"about":[{"href":"https:\/\/247stiri.ro\/index.php\/wp-json\/wp\/v2\/types\/post"}],"replies":[{"embeddable":true,"href":"https:\/\/247stiri.ro\/index.php\/wp-json\/wp\/v2\/comments?post=41706"}],"version-history":[{"count":0,"href":"https:\/\/247stiri.ro\/index.php\/wp-json\/wp\/v2\/posts\/41706\/revisions"}],"wp:featuredmedia":[{"embeddable":true,"href":"https:\/\/247stiri.ro\/index.php\/wp-json\/wp\/v2\/media\/41696"}],"wp:attachment":[{"href":"https:\/\/247stiri.ro\/index.php\/wp-json\/wp\/v2\/media?parent=41706"}],"wp:term":[{"taxonomy":"category","embeddable":true,"href":"https:\/\/247stiri.ro\/index.php\/wp-json\/wp\/v2\/categories?post=41706"},{"taxonomy":"post_tag","embeddable":true,"href":"https:\/\/247stiri.ro\/index.php\/wp-json\/wp\/v2\/tags?post=41706"}],"curies":[{"name":"wp","href":"https:\/\/api.w.org\/{rel}","templated":true}]}}