{"id":41757,"date":"2025-03-23T07:45:21","date_gmt":"2025-03-23T07:45:21","guid":{"rendered":"https:\/\/247stiri.ro\/index.php\/2025\/03\/23\/accident-cu-patru-victime-in-judetul-constanta-doua-masini-s-au-ciocnit-violent-si-s-au-rasturnat-in-camp\/"},"modified":"2025-03-23T07:45:21","modified_gmt":"2025-03-23T07:45:21","slug":"accident-cu-patru-victime-in-judetul-constanta-doua-masini-s-au-ciocnit-violent-si-s-au-rasturnat-in-camp","status":"publish","type":"post","link":"https:\/\/247stiri.ro\/index.php\/2025\/03\/23\/accident-cu-patru-victime-in-judetul-constanta-doua-masini-s-au-ciocnit-violent-si-s-au-rasturnat-in-camp\/","title":{"rendered":"Accident cu patru victime \u00een jude\u021bul Constan\u021ba. Dou\u0103 ma\u0219ini s-au ciocnit violent \u0219i s-au r\u0103sturnat \u00een c\u00e2mp"},"content":{"rendered":"<p>Din primele informa\u021bii, \u00een <a href=\"https:\/\/www.realitatea.net\/stiri\/actual\/copila-de-4-ani-lovita-in-plin-de-o-masina-in-timp-ce-se-plimba-cu-bicicleta-totul-sa-petrecut-sub-privirile-tatalui-ei_67decac2d26ece7f472e11a2\" target=\"_blank\">accidentul <\/a>rutier au fost implicate dou\u0103 autoturisme, un Volkswagen \u00eenmatriculat \u00een jude\u021bul Tulcea \u0219i un Ford \u00eenmatriculat \u00een jude\u021bul Constan\u021ba.\u00a0<\/p>\n<p>Impactul dintre cele dou\u0103 ma\u0219ini a fost at\u00e2t de puternic \u00eenc\u00e2t au p\u0103r\u0103sit partea carosabil\u0103, au rupt gardul care \u00eemprejmuie\u0219te Baza NATO de la Mihail Kog\u0103lniceanu \u0219i s-au r\u0103sturnat.\u00a0<\/p>\n<p>La fa\u021ba locului a intervenit un echipaj din cadrul Statia Midia cu o autospecial\u0103 de stingere cu ap\u0103 \u0219i spum\u0103, 2 echipaje SMURD B, un echipaj SAJ B1 si un echipaj SAJ B2.<\/p>\n<p>\u00cen urma acestui incident, patru persoane au fost r\u0103nite. Este vorba despre o femeie cu traumatism toracic, o femeie cu traumatism de coloan\u0103 cervical\u0103 \u0219i de membru superior, precum \u0219i doi b\u0103rba\u021bi cu politrauma. Acestea au fost\u00a0transportate con\u0219tiente la spital.<\/p>","protected":false},"excerpt":{"rendered":"<p>Din primele informa\u021bii, \u00een accidentul rutier au fost implicate dou\u0103 autoturisme, un Volkswagen \u00eenmatriculat \u00een&hellip;<\/p>\n","protected":false},"author":0,"featured_media":41758,"comment_status":"open","ping_status":"open","sticky":false,"template":"","format":"standard","meta":{"footnotes":""},"categories":[2],"tags":[],"class_list":["post-41757","post","type-post","status-publish","format-standard","has-post-thumbnail","hentry","category-actual"],"_links":{"self":[{"href":"https:\/\/247stiri.ro\/index.php\/wp-json\/wp\/v2\/posts\/41757","targetHints":{"allow":["GET"]}}],"collection":[{"href":"https:\/\/247stiri.ro\/index.php\/wp-json\/wp\/v2\/posts"}],"about":[{"href":"https:\/\/247stiri.ro\/index.php\/wp-json\/wp\/v2\/types\/post"}],"replies":[{"embeddable":true,"href":"https:\/\/247stiri.ro\/index.php\/wp-json\/wp\/v2\/comments?post=41757"}],"version-history":[{"count":0,"href":"https:\/\/247stiri.ro\/index.php\/wp-json\/wp\/v2\/posts\/41757\/revisions"}],"wp:featuredmedia":[{"embeddable":true,"href":"https:\/\/247stiri.ro\/index.php\/wp-json\/wp\/v2\/media\/41758"}],"wp:attachment":[{"href":"https:\/\/247stiri.ro\/index.php\/wp-json\/wp\/v2\/media?parent=41757"}],"wp:term":[{"taxonomy":"category","embeddable":true,"href":"https:\/\/247stiri.ro\/index.php\/wp-json\/wp\/v2\/categories?post=41757"},{"taxonomy":"post_tag","embeddable":true,"href":"https:\/\/247stiri.ro\/index.php\/wp-json\/wp\/v2\/tags?post=41757"}],"curies":[{"name":"wp","href":"https:\/\/api.w.org\/{rel}","templated":true}]}}