{"id":41759,"date":"2025-03-23T07:45:22","date_gmt":"2025-03-23T07:45:22","guid":{"rendered":"https:\/\/247stiri.ro\/index.php\/2025\/03\/23\/meteo-23-martie-2025-cum-va-fi-vremea-astazi-in-tara\/"},"modified":"2025-03-23T07:45:22","modified_gmt":"2025-03-23T07:45:22","slug":"meteo-23-martie-2025-cum-va-fi-vremea-astazi-in-tara","status":"publish","type":"post","link":"https:\/\/247stiri.ro\/index.php\/2025\/03\/23\/meteo-23-martie-2025-cum-va-fi-vremea-astazi-in-tara\/","title":{"rendered":"Meteo 23 martie 2025. Cum va fi vremea ast\u0103zi \u00een \u021bar\u0103"},"content":{"rendered":"<p>Ast\u0103zi vremea va fi mai cald\u0103 dec\u00e2t \u00een mod obi\u0219nuit la aceast\u0103 dat\u0103.\u00a0Cerul va fi temporar noros \u0219i va ploua \u00een Maramure\u0219, local \u00een Cri\u0219ana, nordul Transilvaniei \u0219i \u00een jum\u0103tatea de nord a Moldovei\u00a0\u0219i pe arii restr\u00e2nse \u00een rest, la munte, la altitudini de peste 1800 de metri, \u00een Moldova, Dobrogea \u0219i estul Munteniei,\u00a0dar \u0219i pe nat, cu viteze \u00een general de 50 km la or\u0103 \u0219i pe spa\u021bii mici \u00een restul \u021b\u0103rii.\u00a0<\/p>\n<p>Temperaturile maxime se vor \u00eencadra a\u0219adar \u00eentre 10 \u0219i 20 de grade, cu valori mai sc\u0103zute pe litoral \u0219i \u00een delta Dun\u0103rii,\u00a0iar diminea\u021ba se va semna la \u0219i cea\u021b\u0103.<\/p>\n<p>\u00cen Capital\u0103, vremea se va men\u021bine cald\u0103, cerul va fi temporar noros, iar probabilitatea de ploaie va fi redus\u0103,\u00a0v\u00e2ntul va sufla \u00een general moderat \u0219i, iat\u0103 c\u0103, temperatura maxim\u0103 va atinge chiar 18 grade Celsius.\u00a0<\/p>\n<p>La munte, mai cald dec\u00e2t valorile normale pentru aceast\u0103 perioad\u0103<\/p>\n<p>La munte vremea va fi mai cald\u0103 dec\u00e2t \u00een mod obi\u0219nuit la aceast\u0103 dat\u0103, cerul va fi temporar noros,\u00a0local va ploua, iar la altitudini de peste 1800 de metri vor fi precipita\u021bii mixte,\u00a0v\u00e2ntul va avea intensific\u0103ri pe creste, \u00een special \u00een Carpa\u021bii meridionali \u0219i \u00een mun\u021bii Banatului,\u00a0dar \u0219i \u00een Carpa\u021bii de curbur\u0103, unde rafalele vor dep\u0103\u0219i 80, chiar 110 km la or\u0103.<\/p>","protected":false},"excerpt":{"rendered":"<p>Ast\u0103zi vremea va fi mai cald\u0103 dec\u00e2t \u00een mod obi\u0219nuit la aceast\u0103 dat\u0103.\u00a0Cerul va fi&hellip;<\/p>\n","protected":false},"author":0,"featured_media":41760,"comment_status":"open","ping_status":"open","sticky":false,"template":"","format":"standard","meta":{"footnotes":""},"categories":[2],"tags":[],"class_list":["post-41759","post","type-post","status-publish","format-standard","has-post-thumbnail","hentry","category-actual"],"_links":{"self":[{"href":"https:\/\/247stiri.ro\/index.php\/wp-json\/wp\/v2\/posts\/41759","targetHints":{"allow":["GET"]}}],"collection":[{"href":"https:\/\/247stiri.ro\/index.php\/wp-json\/wp\/v2\/posts"}],"about":[{"href":"https:\/\/247stiri.ro\/index.php\/wp-json\/wp\/v2\/types\/post"}],"replies":[{"embeddable":true,"href":"https:\/\/247stiri.ro\/index.php\/wp-json\/wp\/v2\/comments?post=41759"}],"version-history":[{"count":0,"href":"https:\/\/247stiri.ro\/index.php\/wp-json\/wp\/v2\/posts\/41759\/revisions"}],"wp:featuredmedia":[{"embeddable":true,"href":"https:\/\/247stiri.ro\/index.php\/wp-json\/wp\/v2\/media\/41760"}],"wp:attachment":[{"href":"https:\/\/247stiri.ro\/index.php\/wp-json\/wp\/v2\/media?parent=41759"}],"wp:term":[{"taxonomy":"category","embeddable":true,"href":"https:\/\/247stiri.ro\/index.php\/wp-json\/wp\/v2\/categories?post=41759"},{"taxonomy":"post_tag","embeddable":true,"href":"https:\/\/247stiri.ro\/index.php\/wp-json\/wp\/v2\/tags?post=41759"}],"curies":[{"name":"wp","href":"https:\/\/api.w.org\/{rel}","templated":true}]}}