{"id":41765,"date":"2025-03-23T08:45:18","date_gmt":"2025-03-23T08:45:18","guid":{"rendered":"https:\/\/247stiri.ro\/index.php\/2025\/03\/23\/tragedie-in-judetul-arges-o-femeie-a-fost-accidentata-mortal-de-o-autoutilitara-care-dadea-cu-spatele\/"},"modified":"2025-03-23T08:45:18","modified_gmt":"2025-03-23T08:45:18","slug":"tragedie-in-judetul-arges-o-femeie-a-fost-accidentata-mortal-de-o-autoutilitara-care-dadea-cu-spatele","status":"publish","type":"post","link":"https:\/\/247stiri.ro\/index.php\/2025\/03\/23\/tragedie-in-judetul-arges-o-femeie-a-fost-accidentata-mortal-de-o-autoutilitara-care-dadea-cu-spatele\/","title":{"rendered":"Tragedie \u00een jude\u021bul Arge\u0219. O femeie a fost accidentat\u0103 mortal de o autoutilitar\u0103 care d\u0103dea cu spatele"},"content":{"rendered":"<p>Tragedia a avut loc pe un drum comunal din Stolnici, jude\u021bul Arge\u0219, iar din primele informa\u021bii la volanul autoutilitarei se afla un t\u00e2n\u0103r de 22 de ani.\u00a0<\/p>\n<p>Potrivit poli\u021bi\u0219tilor, \u00een timp ce se deplasa cu spatele, f\u0103r\u0103 a se asigura corespunz\u0103tor \u0219i f\u0103r\u0103 a fi dirijat de o alt\u0103 persoan\u0103, \u0219oferul autoutilitarei a surprins \u0219i accidentat o femeie de 50 de ani care se deplasa \u00een spatele autoturismului.\u00a0<\/p>\n<p>\u00cen urma <a href=\"https:\/\/www.realitatea.net\/stiri\/actual\/accident-grav-in-judetul-constanta-doua-masini-sau-ciocnit-violent-si-sau-rasturnat-in-camp_67dfae3fa57f8b1a5b0fea72\" target=\"_blank\">impactului<\/a>, femeia a murit, iar medicii sosi\u021bi la fa\u021ba locului nu au mai putut s\u0103 fac\u0103 nimic pentru ea \u0219i au fost nevoi\u021bi s\u0103 \u00eei constate decesul.\u00a0<\/p>\n<p>Poli\u021bi\u0219tii de la Brigada Rutier\u0103 l-au testat pe \u0219ofer cu aparatul etilotest, rezultatul fiind negativ.\u00a0<\/p>\n<p>\u00cen acest caz, a fost \u00eentocmit dosar penal sub aspectul s\u0103v\u00e2r\u0219irii infrac\u021biunii de ucidere din culp\u0103, iar cercet\u0103rile continu\u0103, pentru stabilirea tuturor \u00eemprejur\u0103rilor \u00een care a avut loc evenimentul rutier.<\/p>","protected":false},"excerpt":{"rendered":"<p>Tragedia a avut loc pe un drum comunal din Stolnici, jude\u021bul Arge\u0219, iar din primele&hellip;<\/p>\n","protected":false},"author":0,"featured_media":41766,"comment_status":"open","ping_status":"open","sticky":false,"template":"","format":"standard","meta":{"footnotes":""},"categories":[2],"tags":[],"class_list":["post-41765","post","type-post","status-publish","format-standard","has-post-thumbnail","hentry","category-actual"],"_links":{"self":[{"href":"https:\/\/247stiri.ro\/index.php\/wp-json\/wp\/v2\/posts\/41765","targetHints":{"allow":["GET"]}}],"collection":[{"href":"https:\/\/247stiri.ro\/index.php\/wp-json\/wp\/v2\/posts"}],"about":[{"href":"https:\/\/247stiri.ro\/index.php\/wp-json\/wp\/v2\/types\/post"}],"replies":[{"embeddable":true,"href":"https:\/\/247stiri.ro\/index.php\/wp-json\/wp\/v2\/comments?post=41765"}],"version-history":[{"count":0,"href":"https:\/\/247stiri.ro\/index.php\/wp-json\/wp\/v2\/posts\/41765\/revisions"}],"wp:featuredmedia":[{"embeddable":true,"href":"https:\/\/247stiri.ro\/index.php\/wp-json\/wp\/v2\/media\/41766"}],"wp:attachment":[{"href":"https:\/\/247stiri.ro\/index.php\/wp-json\/wp\/v2\/media?parent=41765"}],"wp:term":[{"taxonomy":"category","embeddable":true,"href":"https:\/\/247stiri.ro\/index.php\/wp-json\/wp\/v2\/categories?post=41765"},{"taxonomy":"post_tag","embeddable":true,"href":"https:\/\/247stiri.ro\/index.php\/wp-json\/wp\/v2\/tags?post=41765"}],"curies":[{"name":"wp","href":"https:\/\/api.w.org\/{rel}","templated":true}]}}