{"id":41769,"date":"2025-03-23T08:45:20","date_gmt":"2025-03-23T08:45:20","guid":{"rendered":"https:\/\/247stiri.ro\/index.php\/2025\/03\/23\/sarbatoarea-zilei-23-martie-2025-duminica-sfintei-cruci-a-treia-duminica-din-postul-pastelui-zi-de-mare-insemnatate-pentru-crestini\/"},"modified":"2025-03-23T08:45:20","modified_gmt":"2025-03-23T08:45:20","slug":"sarbatoarea-zilei-23-martie-2025-duminica-sfintei-cruci-a-treia-duminica-din-postul-pastelui-zi-de-mare-insemnatate-pentru-crestini","status":"publish","type":"post","link":"https:\/\/247stiri.ro\/index.php\/2025\/03\/23\/sarbatoarea-zilei-23-martie-2025-duminica-sfintei-cruci-a-treia-duminica-din-postul-pastelui-zi-de-mare-insemnatate-pentru-crestini\/","title":{"rendered":"S\u0103rb\u0103toarea zilei: 23 martie 2025. Duminica Sfintei Cruci, a treia duminic\u0103 din Postul Pa\u0219telui. Zi de mare \u00eensemn\u0103tate pentru cre\u0219tini"},"content":{"rendered":"<p>Duminica Sfintei Cruci este o <a href=\"https:\/\/www.realitatea.net\/stiri\/actual\/sarbatoarea-ilei-22-martie-2025-o-zi-insemnata-pentru-crestini-doi-mari-sfinti-pomeniti-in-calendar_67de4f89f5c8a83c787ccc82\" target=\"_blank\">s\u0103rb\u0103toare<\/a> care marcheaz\u0103 mijlocul Postului Pa\u0219telui \u0219i are rolul de a-i \u00eent\u0103ri pe credincio\u0219i \u00een drumul lor spre marea s\u0103rb\u0103toare a \u00cenvierii Domnului.\u00a0<\/p>\n<p>\u00cen aceast\u0103 zi, to\u021bi credincio\u0219ii sunt chema\u021bi s\u0103 se \u00eenchine Sfintei Cruci, considerat\u0103 arm\u0103 \u00eempotriva diavolului.\u00a0<\/p>\n<p>Cu aceast\u0103 ocazie, \u00een toate bisericiile ortodoxe se va oficia Liturghia Sf\u00e2ntului Vasile cel Mare, iar pericopa citit\u0103 va fi din Evanghelia dup\u0103 Marcu, \u00een care Hristos vorbe\u0219te despre lep\u0103darea de sine \u0219i urmarea Lui.<\/p>\n<p>\u00cen trecut, aceast\u0103 duminic\u0103 era cunoscut\u0103 sub numele de Praznicul celei de-a treia \u00eenchin\u0103ri a Crucii. Prima s\u0103rb\u0103toare a Crucii era pe 14 septembrie, c\u00e2nd se celebra descoperirea Crucii de c\u0103tre Sf\u00e2nta Elena, iar a doua era pe 1 august, \u00een cinstea victoriei \u00eemp\u0103ratului Heraclie asupra per\u0219ilor \u0219i a \u00eentoarcerii Sfintei Cruci la Ierusalim, \u00een anul 630.<\/p>\n<p>Tot ast\u0103zi, \u00een Biserica Ortodox\u0103 este cinstit Sf\u00e2ntul Mucenic Nicon, mare ajut\u0103tor \u00eempotriva bolilor.<\/p>\n<p>Ortodoxe: Sf\u00e2ntul Nicon<\/p>\n<p>Greco-catolice: Sf. cuv. m. Nicon \u0219i cei 199 \u00eenv\u0103\u021b\u0103cei<\/p>\n<p>Romano-catolice: Sf. Turibiu de Mongrovejo, ep.<\/p>","protected":false},"excerpt":{"rendered":"<p>Duminica Sfintei Cruci este o s\u0103rb\u0103toare care marcheaz\u0103 mijlocul Postului Pa\u0219telui \u0219i are rolul de&hellip;<\/p>\n","protected":false},"author":0,"featured_media":41770,"comment_status":"open","ping_status":"open","sticky":false,"template":"","format":"standard","meta":{"footnotes":""},"categories":[2],"tags":[],"class_list":["post-41769","post","type-post","status-publish","format-standard","has-post-thumbnail","hentry","category-actual"],"_links":{"self":[{"href":"https:\/\/247stiri.ro\/index.php\/wp-json\/wp\/v2\/posts\/41769","targetHints":{"allow":["GET"]}}],"collection":[{"href":"https:\/\/247stiri.ro\/index.php\/wp-json\/wp\/v2\/posts"}],"about":[{"href":"https:\/\/247stiri.ro\/index.php\/wp-json\/wp\/v2\/types\/post"}],"replies":[{"embeddable":true,"href":"https:\/\/247stiri.ro\/index.php\/wp-json\/wp\/v2\/comments?post=41769"}],"version-history":[{"count":0,"href":"https:\/\/247stiri.ro\/index.php\/wp-json\/wp\/v2\/posts\/41769\/revisions"}],"wp:featuredmedia":[{"embeddable":true,"href":"https:\/\/247stiri.ro\/index.php\/wp-json\/wp\/v2\/media\/41770"}],"wp:attachment":[{"href":"https:\/\/247stiri.ro\/index.php\/wp-json\/wp\/v2\/media?parent=41769"}],"wp:term":[{"taxonomy":"category","embeddable":true,"href":"https:\/\/247stiri.ro\/index.php\/wp-json\/wp\/v2\/categories?post=41769"},{"taxonomy":"post_tag","embeddable":true,"href":"https:\/\/247stiri.ro\/index.php\/wp-json\/wp\/v2\/tags?post=41769"}],"curies":[{"name":"wp","href":"https:\/\/api.w.org\/{rel}","templated":true}]}}