{"id":41773,"date":"2025-03-23T09:46:19","date_gmt":"2025-03-23T09:46:19","guid":{"rendered":"https:\/\/247stiri.ro\/index.php\/2025\/03\/23\/ana-maria-pacuraru-romania-in-ghearele-puscariasilor-si-fugarilor-becali-ghita-si-reteaua-imposturii\/"},"modified":"2025-03-23T09:46:19","modified_gmt":"2025-03-23T09:46:19","slug":"ana-maria-pacuraru-romania-in-ghearele-puscariasilor-si-fugarilor-becali-ghita-si-reteaua-imposturii","status":"publish","type":"post","link":"https:\/\/247stiri.ro\/index.php\/2025\/03\/23\/ana-maria-pacuraru-romania-in-ghearele-puscariasilor-si-fugarilor-becali-ghita-si-reteaua-imposturii\/","title":{"rendered":"Ana Maria P\u0103curaru:  Rom\u00e2nia, \u00een ghearele pusc\u0103ria\u0219ilor \u0219i fugarilor \u2014 Becali, Ghi\u021b\u0103 \u0219i re\u021beaua imposturii"},"content":{"rendered":"<p>S\u0103 \u00eencepem cu \u00eenceputul, domnilor infractori. Tat\u0103l meu a fost condamnat pe nedrept \u2013 iar acest lucru a fost demonstrat \u00een instan\u0163\u0103. Nu a fugit, nu s-a ascuns, nu s-a ascuns \u00een portbagaj, nu s-a urcat \u00eentr-un vapor cu oi, nu a \u00eencercat s\u0103 ias\u0103 din \u0163ar\u0103 cu pa\u015faport diplomatic. A stat aici. \u00cen \u0163ar\u0103. Asta e diferen\u0163a dintre b\u0103rba\u0163ii asuma\u0163i \u015fi viermii care se ascund.<\/p>\n<p>Ghi\u0163\u0103 \u2013 fugarul-pu\u015fc\u0103ria\u015f protejat de mafie \u0219i tunuri sonice<\/p>\n<p>Sebastian Ghi\u0163\u0103, acest simbol al ru\u0219inii na\u021bionale, a fugit din Rom\u00e2nia \u00eentr-un portbagaj. Repet, \u00eentr-un portbagaj! P\u00e2n\u0103 \u015fi Omar Hayssam \u2013 teroristul fugar \u2013 a plecat pe mare, \u00een \u0163arcul cu oi. Dar Ghi\u0163\u0103? Ca un \u0219obolan, s-a strecurat pe sub grani\u0163e, direct \u00een bra\u0163ele mafiei lui Aleksandar Vu\u010di\u0107.<\/p>\n<p>Iar acolo, \u00een Serbia, ce a urmat? Ghi\u0163\u0103 \u015fi-a continuat re\u0163eaua de manipulare, oferindu-i lui Vu\u010di\u0107 \u201esprijin interna\u0163ional\u201d prin Donald Trump Jr., totul pentru a sp\u0103la imaginea unui dictator disperat. Numai c\u0103 Serbia s-a trezit. Oamenii au ie\u0219it \u00een strad\u0103. Au fost gaza\u021bi, brutaliza\u021bi cu tunuri sonice \u2014 arme interzise, folosite \u00eempotriva propriului popor! Iar Vu\u010di\u0107, sub presiunea revoltei populare, \u0219i-a dat demisia. Ghici cine l-a t\u00e2r\u00e2t \u00een mocirl\u0103? Fugarul Ghi\u0163\u0103, cu \u201ealian\u0163ele\u201d lui de carton.<\/p>\n<p>Cer, pe aceast\u0103 cale, institu\u0163iilor rom\u00e2ne: aduce\u0163i-l de urgen\u0163\u0103 pe acest fugar infractor \u00een \u0163ar\u0103. Rom\u00e2nia nu poate fi b\u0103taia de joc a mafiei transfrontaliere. Nu poate fi acoperit\u0103 cu zgomotul mizeriei produse de Pu\u015fc\u0103ria TV.<\/p>\n<p>Becali \u2013 ipocritul cu lan\u021b de aur<\/p>\n<p>C\u00e2t despre Becali \u2013 sf\u00e2ntul de carton care face c\u00e2te o biseric\u0103 dup\u0103 fiecare fur\u0103ciune \u2013 s\u0103 l\u0103murim ceva. \u00cenainte de condamnare, acest individ era parlamentar \u0219i a \u00eencercat s\u0103 fug\u0103 din \u021bar\u0103 folosindu-se de pa\u0219aportul diplomatic. A fost oprit de autorit\u0103\u021bi. A fost cobor\u00e2t din avion. A fost dus la Rahova, cum \u00eei \u0219ade bine oric\u0103rui pu\u0219c\u0103ria\u0219 dovedit.<\/p>\n<p>Dar s\u0103 ne \u00eentoarcem la moral\u0103. Becali, care vorbe\u0219te despre \u201efamilie\u201d, n-a fost vizitat niciodat\u0103 de nevast\u0103, nici de fiice, nici de mama lui \u00een pu\u0219c\u0103rie. Nimeni! \u00cen timp ce noi, familia mea, am fost mereu l\u00e2ng\u0103 tat\u0103l nostru, \u00een cele mai grele clipe. Asta \u00eenseamn\u0103 respect. Asta \u00eenseamn\u0103 demnitate. Nu propaganda lacrimogen\u0103 de platou TV.De ce nu a venit familia dvs sa va viziteze la Rahova, Poarta Alba si la Jilava? O sa spunem noi adevarul. stati linistit.\u00a0<\/p>\n<p>Domnule pu\u0219c\u0103ria\u0219 Becali, mi-a\u0163i atacat sora vitreg\u0103, pe Anca Alexandrescu. V-a\u021bi permis s\u0103 lansa\u021bi abera\u0163ii grosolane, insinu\u00e2nd c\u0103 nu e sor\u0103 vitreg\u0103, ci mam\u0103 vitreg\u0103. Sunte\u021bi at\u00e2t de disperat \u00eenc\u00e2t \u00eencerca\u021bi s\u0103 crea\u0163i haos \u00eentr-o familie unit\u0103. Ei bine, n-o s\u0103 v\u0103 mearg\u0103. Anca e m\u00e2ndr\u0103 c\u0103 face parte din familia P\u0103curaru. Suntem \u00eempreun\u0103, suntem uni\u021bi. Nu ne dezbina\u021bi, oric\u00e2te mizerii a\u0163i vomita sear\u0103 de sear\u0103 pe Pu\u015fc\u0103ria TV.<\/p>\n<p>Manipularea \u0219i planul cu Ponta \u2013 proiectul vostru murdar<\/p>\n<p>Toat\u0103 aceast\u0103 campanie infect\u0103 are un singur scop: s\u0103-l aduce\u0163i pe impostorul Ponta \u00eenapoi \u00een fruntea Rom\u00e2niei. A\u0163i \u00eencercat cu schema IAS Mogo\u0219oaia. Acum \u00eencerca\u0163i cu familia mea pentru Ponta. Nu v\u0103 vom permite s\u0103 v\u0103 bate\u0163i joc de o \u021bar\u0103 \u00eentreag\u0103. Nu pentru putere. Nu pentru voturi. Nu pentru a ucide curentul suveranist autentic.<\/p>\n<p>Termin\u0103 cu ipocrizia, Becali!<\/p>\n<p>Domnule pu\u015fc\u0103ria\u015f Becali, c\u00e2nd a zis Alesia P\u0103curaru c\u0103 \u201ela fiecare fur\u0103ciune face\u0163i c\u00e2te o biseric\u0103 s\u0103 v\u0103 ruga\u0163i s\u0103 nu fi\u0163i prins\u201d, a zis adev\u0103rul gol-golu\u0163. Nu sunte\u0163i un model. Nu sunte\u0163i credincios. Sunte\u0163i un impostor cu buzunarele pline \u015fi sufletul gol.<\/p>\n<p>Iar \u00een final, v\u0103 spun direct: lua\u021bi labele jegoase de pe familia mea! Nu ne folosim de trafican\u0163i de droguri precum ginerele dvs (dovedit \u0219i condamnat), nu infiem oameni pe platou ca s\u0103 d\u0103m bine \u00een sondaje, nu poz\u0103m \u00een salvatorii na\u0163iunii \u00eentre dou\u0103 condamn\u0103ri. Voi sunte\u0163i ni\u015fte fal\u015fi profe\u0163i ai imposturii.<\/p>\n<p>Iar noi, la Realitatea Plus, vom continua s\u0103 ar\u0103t\u0103m adev\u0103rul. Adev\u0103rata fa\u0163\u0103 a celor care au transformat politica \u00eentr-un business penal cu Biblia \u00eentr-o m\u00e2n\u0103 \u015fi dosarul penal \u00een cealalt\u0103.<\/p>\n<p>\u00a0<\/p>","protected":false},"excerpt":{"rendered":"<p>S\u0103 \u00eencepem cu \u00eenceputul, domnilor infractori. Tat\u0103l meu a fost condamnat pe nedrept \u2013 iar&hellip;<\/p>\n","protected":false},"author":0,"featured_media":41772,"comment_status":"open","ping_status":"open","sticky":false,"template":"","format":"standard","meta":{"footnotes":""},"categories":[2],"tags":[],"class_list":["post-41773","post","type-post","status-publish","format-standard","has-post-thumbnail","hentry","category-actual"],"_links":{"self":[{"href":"https:\/\/247stiri.ro\/index.php\/wp-json\/wp\/v2\/posts\/41773","targetHints":{"allow":["GET"]}}],"collection":[{"href":"https:\/\/247stiri.ro\/index.php\/wp-json\/wp\/v2\/posts"}],"about":[{"href":"https:\/\/247stiri.ro\/index.php\/wp-json\/wp\/v2\/types\/post"}],"replies":[{"embeddable":true,"href":"https:\/\/247stiri.ro\/index.php\/wp-json\/wp\/v2\/comments?post=41773"}],"version-history":[{"count":0,"href":"https:\/\/247stiri.ro\/index.php\/wp-json\/wp\/v2\/posts\/41773\/revisions"}],"wp:featuredmedia":[{"embeddable":true,"href":"https:\/\/247stiri.ro\/index.php\/wp-json\/wp\/v2\/media\/41772"}],"wp:attachment":[{"href":"https:\/\/247stiri.ro\/index.php\/wp-json\/wp\/v2\/media?parent=41773"}],"wp:term":[{"taxonomy":"category","embeddable":true,"href":"https:\/\/247stiri.ro\/index.php\/wp-json\/wp\/v2\/categories?post=41773"},{"taxonomy":"post_tag","embeddable":true,"href":"https:\/\/247stiri.ro\/index.php\/wp-json\/wp\/v2\/tags?post=41773"}],"curies":[{"name":"wp","href":"https:\/\/api.w.org\/{rel}","templated":true}]}}