{"id":41782,"date":"2025-03-23T10:45:15","date_gmt":"2025-03-23T10:45:15","guid":{"rendered":"https:\/\/247stiri.ro\/index.php\/2025\/03\/23\/tragedie-intr-un-sat-din-judetul-botosani-un-bartan-a-murit-intr-un-incendiu-care-i-a-curprins-locuinta\/"},"modified":"2025-03-23T10:45:15","modified_gmt":"2025-03-23T10:45:15","slug":"tragedie-intr-un-sat-din-judetul-botosani-un-bartan-a-murit-intr-un-incendiu-care-i-a-curprins-locuinta","status":"publish","type":"post","link":"https:\/\/247stiri.ro\/index.php\/2025\/03\/23\/tragedie-intr-un-sat-din-judetul-botosani-un-bartan-a-murit-intr-un-incendiu-care-i-a-curprins-locuinta\/","title":{"rendered":"Tragedie \u00eentr-un sat din jude\u021bul Boto\u0219ani. Un b\u0103rt\u00e2n a murit \u00eentr-un incendiu care i-a curprins locuin\u021ba"},"content":{"rendered":"<p>Tragedia a avut loc \u00een noaptea de s\u00e2mb\u0103t\u0103 spre duminic\u0103, \u00een localitatea R\u0103deni, jude\u021bul Boto\u0219ani, iar cei care au dat alarma au fost vecinii b\u0103rbatului.<\/p>\n<p>La scurt timp dup\u0103 ce au observat <a href=\"https:\/\/www.realitatea.net\/stiri\/actual\/biserica-din-bacau-mistuita-de-flacari-chiar-in-postul-pastelui-preotul-a-suferit-un-atac-de-panica_67dfb83869c75d3f077c90a2\" target=\"_blank\">fl\u0103c\u0103rile <\/a>ie\u0219ind din casa b\u0103tr\u00e2nului de 74 de ani, ace\u0219tia sunat la 112, iar la fa\u021ba locului au intervenit patru echipaje din cadrul Punctului de Lucru Fl\u0103m\u00e2nzi \u0219i Deta\u0219amentului Boto\u0219ani cu dou\u0103 autospecial\u0103 de stingere \u0219i dou\u0103 ambulan\u021be SMURD, din care una de terapie intensiv\u0103 mobil\u0103.<\/p>\n<p>Ajunse la fa\u021ba locului, echipajele de interven\u021bie au constatat faptul c\u0103 ardeau bunurile dintr-o camer\u0103 \u0219i exista pericolul de propagare a fl\u0103c\u0103rilor la \u00eentreaga construc\u021bie.\u00a0<\/p>\n<p>Concomitent cu ac\u021biunea de stingere, pompierii au \u00eenceput c\u0103ut\u0103rile unui b\u0103rbat \u00een v\u00e2rst\u0103 de 74 de ani, proprietarul locuin\u021bie, \u00eentruc\u00e2t vecinii sus\u021bineau c\u0103 acesta ar putea fi \u00een interior.\u00a0<\/p>\n<p>Din p\u0103cate, temerile lor s-au adeverit, iar b\u0103rbatul a fost g\u0103sit \u00een holul casei, incon\u0219tient. Imediat au fost \u00eencepute manevrele de resuscitare, dar \u00een ciuda eforturilor medicilor de pe echipajul de terapie intensiv\u0103 mobil\u0103 SMURD, acesta nu a mai putut fi salvat \u0219i i-a fost declarat decesul.<\/p>\n<p>Pompierii spun c\u0103 cel mai probabil, incendiul a fost provocat de jarul c\u0103zut din sob\u0103 pe materiale combustibile.<\/p>","protected":false},"excerpt":{"rendered":"<p>Tragedia a avut loc \u00een noaptea de s\u00e2mb\u0103t\u0103 spre duminic\u0103, \u00een localitatea R\u0103deni, jude\u021bul Boto\u0219ani,&hellip;<\/p>\n","protected":false},"author":0,"featured_media":41783,"comment_status":"open","ping_status":"open","sticky":false,"template":"","format":"standard","meta":{"footnotes":""},"categories":[2],"tags":[],"class_list":["post-41782","post","type-post","status-publish","format-standard","has-post-thumbnail","hentry","category-actual"],"_links":{"self":[{"href":"https:\/\/247stiri.ro\/index.php\/wp-json\/wp\/v2\/posts\/41782","targetHints":{"allow":["GET"]}}],"collection":[{"href":"https:\/\/247stiri.ro\/index.php\/wp-json\/wp\/v2\/posts"}],"about":[{"href":"https:\/\/247stiri.ro\/index.php\/wp-json\/wp\/v2\/types\/post"}],"replies":[{"embeddable":true,"href":"https:\/\/247stiri.ro\/index.php\/wp-json\/wp\/v2\/comments?post=41782"}],"version-history":[{"count":0,"href":"https:\/\/247stiri.ro\/index.php\/wp-json\/wp\/v2\/posts\/41782\/revisions"}],"wp:featuredmedia":[{"embeddable":true,"href":"https:\/\/247stiri.ro\/index.php\/wp-json\/wp\/v2\/media\/41783"}],"wp:attachment":[{"href":"https:\/\/247stiri.ro\/index.php\/wp-json\/wp\/v2\/media?parent=41782"}],"wp:term":[{"taxonomy":"category","embeddable":true,"href":"https:\/\/247stiri.ro\/index.php\/wp-json\/wp\/v2\/categories?post=41782"},{"taxonomy":"post_tag","embeddable":true,"href":"https:\/\/247stiri.ro\/index.php\/wp-json\/wp\/v2\/tags?post=41782"}],"curies":[{"name":"wp","href":"https:\/\/api.w.org\/{rel}","templated":true}]}}