{"id":41809,"date":"2025-03-23T12:45:14","date_gmt":"2025-03-23T12:45:14","guid":{"rendered":"https:\/\/247stiri.ro\/index.php\/2025\/03\/23\/daniel-baluta-arunca-bomba-despre-primarul-sorosist-care-vrea-sa-fie-presedinte-planseul-unirii-poate-cadea-oricand-face-absolut-tot-ce-ii-convine\/"},"modified":"2025-03-23T12:45:14","modified_gmt":"2025-03-23T12:45:14","slug":"daniel-baluta-arunca-bomba-despre-primarul-sorosist-care-vrea-sa-fie-presedinte-planseul-unirii-poate-cadea-oricand-face-absolut-tot-ce-ii-convine","status":"publish","type":"post","link":"https:\/\/247stiri.ro\/index.php\/2025\/03\/23\/daniel-baluta-arunca-bomba-despre-primarul-sorosist-care-vrea-sa-fie-presedinte-planseul-unirii-poate-cadea-oricand-face-absolut-tot-ce-ii-convine\/","title":{"rendered":"Daniel B\u0103lu\u021b\u0103 arunc\u0103 bomba despre primarul soro\u0219ist care vrea s\u0103 fie pre\u0219edinte: \u201dPlan\u0219eul Unirii poate c\u0103dea oric\u00e2nd. Face absolut tot ce \u00eei convine\u201d"},"content":{"rendered":"<p>Daniel B\u0103lu\u021b\u0103 a subliniat c\u0103 soro\u0219istul din fruntea Prim\u0103riei Capitalei refuz\u0103 s\u0103 emit\u0103 avizul Comisiei Tehnice de Circula\u021bie, necesar pentru demararea lucr\u0103rilor de reabilitare a Plan\u0219eului Unirii.\u00a0<\/p>\n<p>\u201dEste un gest de o incon\u0219tien\u021b\u0103 cel pu\u021bin ie\u0219it\u0103 din comun. Este inexplicabil de ce domnul primar general are un astfel de comportament. Am ob\u021binut toate avizele pe care d\u00e2nsul le-a cerut. Mai mult, am ob\u021binut o autoriza\u021bie de constuire pe care a f\u0103cut tot ce i-a stat \u00een putere s\u0103 o anuleze. A avut timp s\u0103 mearg\u0103 \u00een instan\u021b\u0103, a avut timp s\u0103 mearg\u0103 la coafor, a avut timp s\u0103 fac\u0103 absolut toate lucrurile, \u00eens\u0103 refuz\u0103 pur \u0219i simplu s\u0103 semneze autoriza\u021bia de construire, refuz\u0103 s\u0103 ne emit\u0103 avizul Comisiei Tehnice de Circula\u021bie. Este ceva ce nu am mai \u00eent\u00e2lnit p\u00e2n\u0103 acum, un astfel de comportament este mai presus dec\u00e2t ceea ce a reprezentat o dat\u0103 pentru partidele politice, baronii.\u00a0<\/p>\n<p>L-am putut numi pe domnul <a href=\"https:\/\/www.realitatea.net\/stiri\/actual\/nicusor-dan-taxat-de-suporteri-dupa-campania-desantata-de-la-meciul-nationalei-de-fotbal-video_67dfa2cfe2b885665a171e42\" target=\"_blank\">Nicu\u0219or Dan<\/a> cu un comportament, \u00eentr-un limbaj de argou, de baorsan. Face absolut tot ce \u00eei convine, nimic altceva\u201d, a declarat Daniel B\u0103lu\u021b\u0103, la Realitatea PLUS.\u00a0<\/p>\n<p>Mai mult, edilul de sector a men\u021bionat c\u0103 apelat la instan\u021b\u0103 \u0219i folose\u0219te toate p\u00e2rghiile legale ca s\u0103 \u00eel oblige pe Nicu\u0219or Dan s\u0103 emit\u0103 avizul.\u00a0<\/p>\n<p>\u201dAm apelat deja la instan\u021b\u0103, \u00eencerc\u0103m s\u0103 folosim for\u021ba legii pentru a-l obliga pe domnul primar general s\u0103 pun\u0103 \u00een siguran\u021b\u0103 centru Capitalei, pentru a nu exista \u00een aceast\u0103 zon\u0103 victime. Incon\u0219tien\u021ba d\u00e2nsului a ajuns la cote paroxistice \u0219i pur \u0219i simplu, \u00een ultima perioad\u0103, refuz\u0103 dialogul\u201d, a mai spus primarul Sectorului 4.\u00a0<\/p>\n<p>De asemenea, primarul B\u0103lu\u021b\u0103 a vorbit \u0219i despre proiectele pe care Nicu\u0219or Dan le-a blocat \u00een ultimii ani.\u00a0<\/p>\n<p>\u201dUn gest de ipocrizie \u0219i de un cinism extrem este reprezentat de acela\u0219i aviz al Comisiei Tehnice de Circula\u021bie pe care nu-l elibereaz\u0103 pentru un spital de psihiatrie infantil\u0103 cu un centru dedicat adic\u021biei de droguri. Nici m\u0103car pe acesta, care este f\u0103cut din banii unei funda\u021bii nu dore\u0219te s\u0103 \u00eel constuiasc\u0103. Nu dore\u0219te s\u0103 constuiasc\u0103 \u0219coli, nu dore\u0219te s\u0103 constuiasc\u0103 gr\u0103dini\u021be. Toate lucrurile acestea sunt blocate de ambi\u021bia, de \u00eenc\u0103p\u0103\u021b\u00e2narea pe care o are. Este inexplicabil ceea ce face, iar aceast\u0103 conduit\u0103 afecteaz\u0103 via\u021ba noastr\u0103 a bucure\u0219tenilor \u00een general\u201d, a transmis B\u0103lu\u021b\u0103.\u00a0<\/p>\n<p>\u00cen plus, primarul Sectorului 4 l-a acuzat pe Nicu\u0219or Dan c\u0103 \u00eei sfideaz\u0103 pe cet\u0103\u021beni cu post\u0103rile sale \u0219i c\u0103 se ocup\u0103 de orice altceva, \u00een loc s\u0103 \u00ee\u0219i fac\u0103 treaba.\u00a0<\/p>\n<p>\u201dAici vine aceast\u0103 incon\u0219tien\u021b\u0103. V\u0103 da\u021bi seama ce sfidare major\u0103 putem vedea din partea d\u00e2nsului \u00een momentul \u00een care vedem c\u0103 are timp, ore \u00een \u0219ir s\u0103 le petreac\u0103 \u00een instan\u021b\u0103, are timp ore \u00een \u0219ir s\u0103 le petreac\u0103 la coafor, orice face numai s\u0103 nu \u00ee\u0219i fac\u0103 datoria. Nu \u0219tiu ce mai are s\u0103 ne mai arate: cum m\u0103n\u00e2nc\u0103 melci, cum m\u0103n\u00e2nc\u0103 fructe de mare sau orice alt lucru menit s\u0103 ne mint\u0103 pe noi to\u021bi pentru c\u0103 da, Nicu\u0219or Dan este cel mai mare mincinos pe care l-am v\u0103zut vreodat\u0103 p\u00e2n\u0103 acum\u201d, a afirmat acesta.<\/p>\n<p>Totodat\u0103, el a \u021binut s\u0103 precizeze c\u0103 nu va renun\u021ba la lupta pentru Plan\u0219eul Unirii \u0219i a dezv\u0103luit c\u0103 a ac\u021bionat deja \u00een instan\u021b\u0103 pentru a ob\u021bine o Ordonan\u021b\u0103 Pre\u0219den\u021bial\u0103 \u00een acest sens.\u00a0<\/p>\n<p>\u201dAm apelat la instan\u021b\u0103 pentru a ob\u021bine o Ordonan\u021b\u0103 Pre\u0219edin\u021bial\u0103 care s\u0103 \u00eel oblige s\u0103 semneze aceast\u0103 autorizare de construc\u021bie, dar poate mai presus dec\u00e2t orice este bine s\u0103 vedem c\u00e2t de ipocrit \u0219i de mincinos este acest om\u201d, a men\u021bionat prim-vicepre\u0219edintele PSD.\u00a0<\/p>\n<p>C\u00e2t despre sursa banilor pentru campania lui Nicu\u0219or Dan, B\u0103lu\u021b\u0103 a spus: \u201dV\u0103 da\u021bi seama sfidarea d\u00e2nsului este cu at\u00e2t mai mare cu c\u00e2t spune c\u00e2 d\u00e2nsul este un om transparent, c\u0103 pune la dispozi\u021bia aleg\u0103torilor sursele de venit pe care are \u00een aceast\u0103 campanie. Nu am o explica\u021bie, dar sunt convins c\u0103 cei care se ocup\u0103 de acest lucru vor verifica de unde vin aceste surse de finan\u021bare pe care le are\u201d.\u00a0<\/p>","protected":false},"excerpt":{"rendered":"<p>Daniel B\u0103lu\u021b\u0103 a subliniat c\u0103 soro\u0219istul din fruntea Prim\u0103riei Capitalei refuz\u0103 s\u0103 emit\u0103 avizul Comisiei&hellip;<\/p>\n","protected":false},"author":0,"featured_media":41801,"comment_status":"open","ping_status":"open","sticky":false,"template":"","format":"standard","meta":{"footnotes":""},"categories":[2],"tags":[],"class_list":["post-41809","post","type-post","status-publish","format-standard","has-post-thumbnail","hentry","category-actual"],"_links":{"self":[{"href":"https:\/\/247stiri.ro\/index.php\/wp-json\/wp\/v2\/posts\/41809","targetHints":{"allow":["GET"]}}],"collection":[{"href":"https:\/\/247stiri.ro\/index.php\/wp-json\/wp\/v2\/posts"}],"about":[{"href":"https:\/\/247stiri.ro\/index.php\/wp-json\/wp\/v2\/types\/post"}],"replies":[{"embeddable":true,"href":"https:\/\/247stiri.ro\/index.php\/wp-json\/wp\/v2\/comments?post=41809"}],"version-history":[{"count":0,"href":"https:\/\/247stiri.ro\/index.php\/wp-json\/wp\/v2\/posts\/41809\/revisions"}],"wp:featuredmedia":[{"embeddable":true,"href":"https:\/\/247stiri.ro\/index.php\/wp-json\/wp\/v2\/media\/41801"}],"wp:attachment":[{"href":"https:\/\/247stiri.ro\/index.php\/wp-json\/wp\/v2\/media?parent=41809"}],"wp:term":[{"taxonomy":"category","embeddable":true,"href":"https:\/\/247stiri.ro\/index.php\/wp-json\/wp\/v2\/categories?post=41809"},{"taxonomy":"post_tag","embeddable":true,"href":"https:\/\/247stiri.ro\/index.php\/wp-json\/wp\/v2\/tags?post=41809"}],"curies":[{"name":"wp","href":"https:\/\/api.w.org\/{rel}","templated":true}]}}