{"id":41817,"date":"2025-03-23T13:44:54","date_gmt":"2025-03-23T13:44:54","guid":{"rendered":"https:\/\/247stiri.ro\/index.php\/2025\/03\/23\/sondaj-aur-conduce-detasat-in-preferintele-romanilor-curs-prevede-o-finala-prezidetiala-simion-antonescu-restul-candidatilor-sunt-cu-mult-in-spatele-liderului-suveranistilor\/"},"modified":"2025-03-23T13:44:54","modified_gmt":"2025-03-23T13:44:54","slug":"sondaj-aur-conduce-detasat-in-preferintele-romanilor-curs-prevede-o-finala-prezidetiala-simion-antonescu-restul-candidatilor-sunt-cu-mult-in-spatele-liderului-suveranistilor","status":"publish","type":"post","link":"https:\/\/247stiri.ro\/index.php\/2025\/03\/23\/sondaj-aur-conduce-detasat-in-preferintele-romanilor-curs-prevede-o-finala-prezidetiala-simion-antonescu-restul-candidatilor-sunt-cu-mult-in-spatele-liderului-suveranistilor\/","title":{"rendered":"SONDAJ. AUR conduce deta\u0219at \u00een preferin\u021bele rom\u00e2nilor. Curs prevede o final\u0103 prezide\u021bial\u0103 Simion &#8211; Antonescu. Restul candida\u021bilor sunt cu mult \u00een spatele liderului suverani\u0219tilor"},"content":{"rendered":"<p>El este urmat\u00a0de candidatul alian\u021bei electorale &#8211; Alian\u021ba Rom\u00e2nia \u00cenainte, format\u0103 de PNL, PSD \u0219i UDMR. Structurile de partid au \u00eenceput s\u0103 \u00ee\u0219i intre \u00een func\u021biune \u0219i Crin Antonescu a s\u0103ltat de la 18%\u00a0\u00een ianuarie\u00a0la 22% cu o tendin\u021b\u0103 de cre\u0219tere constant\u0103.<\/p>\n<p>Pe locul III\u00a0se situeaz\u0103 candidatul independent Nicu\u0219or Dan care \u00een ianuarie avea 21%, iar acum a ajuns la 18%. Sc\u0103derea se poate datora intr\u0103rii \u00een curs\u0103 a Elenei Lasconi, candidatul USR, care \u00een ianuarie nu era sigur dac\u0103 va intra \u00een joc sau \u00eel va sus\u021bine pe primarul general.<\/p>\n<p>Locul IV\u00a0este ocupat de deputatul Victor Ponta, care a ales s\u0103 candideze ca independent. El are un scor de 13% \u0219i culege voturi din zona \u201dC\u0103lin Georgescu\u201d cu un mesaj dedicat.<\/p>\n<p>Elena Lasconi, una din vedetele Turul II al alegerilor preziden\u021biale anulate din 2024, atinge cota de 12% \u0219i practic ia cam toate voturile partidului pe care \u00eel conduce.<\/p>\n<p>Restul candida\u021bilor au scoruri de sub 3% \u0219i ei \u00eempreun\u0103 adun\u0103 6% din op\u021biunile electoratului.<\/p>\n<p>Aproximativ 30% din electoral nu are \u00eenc\u0103 o op\u021biune sau nu merge la vot.<\/p>\n<p>Clasamentul candida\u021bilor la Turul I &#8211; 4 Mai<\/p>\n<p>George Simion (AUR) &#8211; 29%<\/p>\n<p>Crin Antonescu (Alian\u021ba Rom\u00e2nia \u00cenainte) &#8211; 22%<\/p>\n<p>Nicu\u0219or Dan (independent) &#8211; 18%<\/p>\n<p>Victor Ponta (independent) &#8211; 13%<\/p>\n<p>Elena Lasconi (USR) &#8211; 12%<\/p>\n<p>Altul &#8211; 6%\u00a0<\/p>","protected":false},"excerpt":{"rendered":"<p>El este urmat\u00a0de candidatul alian\u021bei electorale &#8211; Alian\u021ba Rom\u00e2nia \u00cenainte, format\u0103 de PNL, PSD \u0219i&hellip;<\/p>\n","protected":false},"author":0,"featured_media":41818,"comment_status":"open","ping_status":"open","sticky":false,"template":"","format":"standard","meta":{"footnotes":""},"categories":[2],"tags":[],"class_list":["post-41817","post","type-post","status-publish","format-standard","has-post-thumbnail","hentry","category-actual"],"_links":{"self":[{"href":"https:\/\/247stiri.ro\/index.php\/wp-json\/wp\/v2\/posts\/41817","targetHints":{"allow":["GET"]}}],"collection":[{"href":"https:\/\/247stiri.ro\/index.php\/wp-json\/wp\/v2\/posts"}],"about":[{"href":"https:\/\/247stiri.ro\/index.php\/wp-json\/wp\/v2\/types\/post"}],"replies":[{"embeddable":true,"href":"https:\/\/247stiri.ro\/index.php\/wp-json\/wp\/v2\/comments?post=41817"}],"version-history":[{"count":0,"href":"https:\/\/247stiri.ro\/index.php\/wp-json\/wp\/v2\/posts\/41817\/revisions"}],"wp:featuredmedia":[{"embeddable":true,"href":"https:\/\/247stiri.ro\/index.php\/wp-json\/wp\/v2\/media\/41818"}],"wp:attachment":[{"href":"https:\/\/247stiri.ro\/index.php\/wp-json\/wp\/v2\/media?parent=41817"}],"wp:term":[{"taxonomy":"category","embeddable":true,"href":"https:\/\/247stiri.ro\/index.php\/wp-json\/wp\/v2\/categories?post=41817"},{"taxonomy":"post_tag","embeddable":true,"href":"https:\/\/247stiri.ro\/index.php\/wp-json\/wp\/v2\/tags?post=41817"}],"curies":[{"name":"wp","href":"https:\/\/api.w.org\/{rel}","templated":true}]}}