{"id":41823,"date":"2025-03-23T14:45:42","date_gmt":"2025-03-23T14:45:42","guid":{"rendered":"https:\/\/247stiri.ro\/index.php\/2025\/03\/23\/noi-documente-bomba-care-il-infunda-pe-becali-mafia-imobiliara-controlata-de-oierul-din-pipera-deconspirata\/"},"modified":"2025-03-23T14:45:42","modified_gmt":"2025-03-23T14:45:42","slug":"noi-documente-bomba-care-il-infunda-pe-becali-mafia-imobiliara-controlata-de-oierul-din-pipera-deconspirata","status":"publish","type":"post","link":"https:\/\/247stiri.ro\/index.php\/2025\/03\/23\/noi-documente-bomba-care-il-infunda-pe-becali-mafia-imobiliara-controlata-de-oierul-din-pipera-deconspirata\/","title":{"rendered":"Noi documente bomba care \u00eel \u00eenfund\u0103 pe Becali. Mafia imobiliar\u0103 controlat\u0103 de oierul din Pipera, deconspirat\u0103"},"content":{"rendered":"<p>Urm\u0103ri\u021bi declara\u021biile \u0218OC ale nepotului unui dintre proprietarii terenurilor pe care mafia imobiliar\u0103 controlat\u0103 de Becali le ocup\u0103 abuziv, la Realitatea PLUS:\u00a0<\/p>\n\n<p>\u201dLeoser, \u00een 2010 se \u00eent\u00e2mplat treaba asta, \u00een septembrie, i-au notificat dup\u0103 ce au \u00eenceput s\u0103 piard\u0103 procesul de lipsire de folosin\u021b\u0103, s-au speriat c\u0103 pierdeau pe band\u0103 rulant\u0103 cu adev\u0103ra\u021bii proprietari, \u0219i atunci au f\u0103cut o notificare prin care au chemat aproximativ 50 de familii, mo\u0219tenitorii fo\u0219tilor proprietari.\u00a0<\/p>\n\n<p>De peste 20 de ani, Gigi Becali \u0219i finul lui, acum fiica lui, \u00eempiedic\u0103 intrarea \u00een posesie a terenurilor pentru c\u0103 teoretic toate actele serelor sunt ale noastre, ale famililor. \u0218i nici executorii judec\u0103tore\u0219ti nu \u00eei las\u0103 s\u0103 intre.<\/p>\n<p>A\u0219a, \u0219i \u00een septembrie, asta e cea mai bun\u0103 dovad\u0103 c\u0103 au recunoscut, au dat actele, sunt cu \u0219tampila lor, cu semn\u0103turile lor de la Leoser, ne-au notificat s\u0103 mergem s\u0103 stabilim cum intr\u0103m \u00een posesia real\u0103 a terenurilor pentru c\u0103 ei ridicau tot felul de preten\u021bii c\u0103 vezi Doamne nu sunt desp\u0103gubi\u021bi pentru sere. Ori e o minciun\u0103, acele sere oricum erau amortizate \u0219i oricum nou\u0103 ne luase statul \u00een 49 prin na\u021bionalizare serele \u0219i oricum acele 18 sere erau echivalent cu teren arabil.\u00a0<\/p>\n<p>Venise \u0219i o hot\u0103r\u00e2re a \u00cenaltei Cur\u021bi care spune c\u0103 serele sunt ale noastre, nu ale lor. Dar trecem peste asta, ne-au notificat \u0219i au f\u0103cut un proces verbal \u00eempreun\u0103 cu conducerea Leoster, \u00een septembrie 2010, prin care ceream, semnat \u0219i de ei, ca p\u00e2n\u0103 \u00een decembrie 2010 s\u0103 elibereze. Au zis c\u0103 aveau ni\u0219te castrave\u021bi pe ele \u0219i am zis: Bine domnule, elibera\u021bi pe 31 martie 2011.<\/p>\n<p>Ast\u0103zi, suntem \u00een 23 martie 2025 \u0219i tot acolo sunt, iar domnul Gigi Becali minte peste tot c\u0103 nu sunt ale noastre, c\u0103 sunt ale lui. El nu a cump\u0103rat niciun teren, ele sunt \u00een concesiune de la ADS. El face toate astea, mizeriile la adresa adev\u0103ra\u021bilor proprietari prin oamenii lui din ADS \u0219i prin Prefectura Ilfov\u201d, a declarat C\u0103t\u0103lin Pena, nepotul unui propretar care de\u021bine 4 hectare din serele ocupate ilegal de mafia imobiliar\u0103 a lui Becali.\u00a0<\/p>\n\n<p>C\u0103t\u0103lin Pena de\u021bine patru din cele \u0219apte sere \u0219i are o sentin\u021b\u0103 definitiv\u0103 \u00eenc\u0103 din anul 2002. Cu toate acestea, el spune c\u0103 nu poate intra fizic \u00een posesia lor, de\u0219i are toate documentele legale.\u00a0<\/p>\n\n<p>\u201dTo\u021bi proprietarii de la ser\u0103 au sentin\u021be definitive, au intabul\u0103ri pl\u0103tesc impozite de peste 20 de ani la Prim\u0103ria Popoe\u0219ti-Leordeni. Toate cele aproximativ 50 de familii se confrunt\u0103 cu aceea\u0219i situa\u021bie. \u0218i ne h\u0103r\u021buie\u0219te prin instan\u021be.<\/p>\n<p>De exemplu, Prefectura Ilfov a eliberat titlul de proprietate, \u00een baza sentin\u021bei, a fost obligat\u0103 prin executor \u00een 2002 \u0219i \u00een 2004 l-a notificat prin executorul judec\u0103toresc, iar de atunci, Prefectura Ilfov, fiind aceea\u0219i institu\u021bie numai c\u0103 s-au schimbat prefec\u021bii, au venit cei care \u00eel iubesc pe Gigi Becali, ne-a dat \u00een judecat\u0103, iar acum noul prefect cere anularea protocolului care a trecut de la ADS la Consiliul Local Pope\u0219ti-Leordeni. E de noaptea min\u021bii ce se \u00eent\u00e2mpl\u0103\u201d, a mai spus acesta.\u00a0<\/p>","protected":false},"excerpt":{"rendered":"<p>Urm\u0103ri\u021bi declara\u021biile \u0218OC ale nepotului unui dintre proprietarii terenurilor pe care mafia imobiliar\u0103 controlat\u0103 de&hellip;<\/p>\n","protected":false},"author":0,"featured_media":41813,"comment_status":"open","ping_status":"open","sticky":false,"template":"","format":"standard","meta":{"footnotes":""},"categories":[3],"tags":[],"class_list":["post-41823","post","type-post","status-publish","format-standard","has-post-thumbnail","hentry","category-politica"],"_links":{"self":[{"href":"https:\/\/247stiri.ro\/index.php\/wp-json\/wp\/v2\/posts\/41823","targetHints":{"allow":["GET"]}}],"collection":[{"href":"https:\/\/247stiri.ro\/index.php\/wp-json\/wp\/v2\/posts"}],"about":[{"href":"https:\/\/247stiri.ro\/index.php\/wp-json\/wp\/v2\/types\/post"}],"replies":[{"embeddable":true,"href":"https:\/\/247stiri.ro\/index.php\/wp-json\/wp\/v2\/comments?post=41823"}],"version-history":[{"count":0,"href":"https:\/\/247stiri.ro\/index.php\/wp-json\/wp\/v2\/posts\/41823\/revisions"}],"wp:featuredmedia":[{"embeddable":true,"href":"https:\/\/247stiri.ro\/index.php\/wp-json\/wp\/v2\/media\/41813"}],"wp:attachment":[{"href":"https:\/\/247stiri.ro\/index.php\/wp-json\/wp\/v2\/media?parent=41823"}],"wp:term":[{"taxonomy":"category","embeddable":true,"href":"https:\/\/247stiri.ro\/index.php\/wp-json\/wp\/v2\/categories?post=41823"},{"taxonomy":"post_tag","embeddable":true,"href":"https:\/\/247stiri.ro\/index.php\/wp-json\/wp\/v2\/tags?post=41823"}],"curies":[{"name":"wp","href":"https:\/\/api.w.org\/{rel}","templated":true}]}}