{"id":41824,"date":"2025-03-23T14:45:43","date_gmt":"2025-03-23T14:45:43","guid":{"rendered":"https:\/\/247stiri.ro\/index.php\/2025\/03\/23\/ucraina-si-sua-vor-sta-la-masa-in-aceasta-seara-in-arabia-saudita-pentru-incetarea-partiala-a-focului-cu-rusia\/"},"modified":"2025-03-23T14:45:43","modified_gmt":"2025-03-23T14:45:43","slug":"ucraina-si-sua-vor-sta-la-masa-in-aceasta-seara-in-arabia-saudita-pentru-incetarea-partiala-a-focului-cu-rusia","status":"publish","type":"post","link":"https:\/\/247stiri.ro\/index.php\/2025\/03\/23\/ucraina-si-sua-vor-sta-la-masa-in-aceasta-seara-in-arabia-saudita-pentru-incetarea-partiala-a-focului-cu-rusia\/","title":{"rendered":"Ucraina \u015fi SUA vor sta la mas\u0103 \u00een aceast\u0103 sear\u0103 \u00een Arabia Saudit\u0103 pentru \u00eencetarea par\u0163ial\u0103 a focului cu Rusia"},"content":{"rendered":"<p>Discu\u0163iile de duminic\u0103 vor preceda \u00eent\u00e2lnirea programat\u0103 luni \u00eentre delega\u0163iile Statelor Unite \u015fi Rusiei.<\/p>\n<p>Seria de \u00eent\u00e2lniri desf\u0103\u015furate \u00een Arabia Saudit\u0103 a \u00eenceput cu un dialog direct \u00eentre SUA \u015fi Rusia, urmat apoi de discu\u0163ii \u00eentre SUA \u015fi Ucraina, \u00een urma c\u0103rora Kievul a acceptat propunerea unei armisti\u0163ii de 30 de zile.<\/p>\n<p>Delega\u0163ia ucrainean\u0103 prezent\u0103 la discu\u0163iile de duminic\u0103 va fi condus\u0103 de ministrul Ap\u0103r\u0103rii, Rustem Umerov. Pre\u015fedintele Volodimir Zelenski a declarat anterior c\u0103 prezen\u0163a acestuia va permite Ucrainei s\u0103 reac\u0163ioneze \u201dfoarte rapid \u015fi foarte substan\u0163ial\u201d.<\/p>\n<p>Totu\u015fi, oficiali ucraineni au subliniat c\u0103 \u00eent\u00e2lnirea din Riad este considerat\u0103 \u00een primul r\u00e2nd una tehnic\u0103. Purt\u0103torul de cuv\u00e2nt al Ministerului de Externe, Heorhii Tykhyi, a declarat vineri c\u0103 cele dou\u0103 p\u0103r\u0163i, ucrainean\u0103 \u015fi american\u0103, vor discuta despre \u201dclarificarea modalit\u0103\u0163ilor, a nuan\u0163elor posibilelor regimuri de \u00eencetare a focului, cum ar putea fi monitorizate, controlate \u015fi ce presupun \u00een ansamblu\u201d.<\/p>","protected":false},"excerpt":{"rendered":"<p>Discu\u0163iile de duminic\u0103 vor preceda \u00eent\u00e2lnirea programat\u0103 luni \u00eentre delega\u0163iile Statelor Unite \u015fi Rusiei. Seria&hellip;<\/p>\n","protected":false},"author":0,"featured_media":41820,"comment_status":"open","ping_status":"open","sticky":false,"template":"","format":"standard","meta":{"footnotes":""},"categories":[2],"tags":[],"class_list":["post-41824","post","type-post","status-publish","format-standard","has-post-thumbnail","hentry","category-actual"],"_links":{"self":[{"href":"https:\/\/247stiri.ro\/index.php\/wp-json\/wp\/v2\/posts\/41824","targetHints":{"allow":["GET"]}}],"collection":[{"href":"https:\/\/247stiri.ro\/index.php\/wp-json\/wp\/v2\/posts"}],"about":[{"href":"https:\/\/247stiri.ro\/index.php\/wp-json\/wp\/v2\/types\/post"}],"replies":[{"embeddable":true,"href":"https:\/\/247stiri.ro\/index.php\/wp-json\/wp\/v2\/comments?post=41824"}],"version-history":[{"count":0,"href":"https:\/\/247stiri.ro\/index.php\/wp-json\/wp\/v2\/posts\/41824\/revisions"}],"wp:featuredmedia":[{"embeddable":true,"href":"https:\/\/247stiri.ro\/index.php\/wp-json\/wp\/v2\/media\/41820"}],"wp:attachment":[{"href":"https:\/\/247stiri.ro\/index.php\/wp-json\/wp\/v2\/media?parent=41824"}],"wp:term":[{"taxonomy":"category","embeddable":true,"href":"https:\/\/247stiri.ro\/index.php\/wp-json\/wp\/v2\/categories?post=41824"},{"taxonomy":"post_tag","embeddable":true,"href":"https:\/\/247stiri.ro\/index.php\/wp-json\/wp\/v2\/tags?post=41824"}],"curies":[{"name":"wp","href":"https:\/\/api.w.org\/{rel}","templated":true}]}}