{"id":41827,"date":"2025-03-23T14:45:44","date_gmt":"2025-03-23T14:45:44","guid":{"rendered":"https:\/\/247stiri.ro\/index.php\/2025\/03\/23\/americanii-tot-mai-nemultumiti-de-administratia-trump-se-protesteaza-impotriva-lui-elon-musk-in-fata-unui-sediu-tesla\/"},"modified":"2025-03-23T14:45:44","modified_gmt":"2025-03-23T14:45:44","slug":"americanii-tot-mai-nemultumiti-de-administratia-trump-se-protesteaza-impotriva-lui-elon-musk-in-fata-unui-sediu-tesla","status":"publish","type":"post","link":"https:\/\/247stiri.ro\/index.php\/2025\/03\/23\/americanii-tot-mai-nemultumiti-de-administratia-trump-se-protesteaza-impotriva-lui-elon-musk-in-fata-unui-sediu-tesla\/","title":{"rendered":"Americanii, tot mai nemul\u021bumi\u021bi de Administra\u021bia Trump. Se protesteaz\u0103 \u00eempotriva lui Elon Musk, \u00een fa\u0163a unui sediu Tesla"},"content":{"rendered":"<p>Protestatarii au fluturat pancarte \u015fi au dansat, \u00een timp ce ma\u015finile care treceau pe l\u00e2ng\u0103 ei claxonau \u00een semn de sus\u0163inere. Pe pancarte ap\u0103reau fotografii ale lui Musk, cel mai bogat om din lume.<\/p>\n<p>Pre\u015fedintele Donald Trump l-a numit pe Musk \u00een fruntea unui grup de lucru pentru reducerea aparatului birocratic federal, compus din peste dou\u0103 milioane de angaja\u0163i civili.<\/p>\n<p>Trump l-a desemnat pe Musk s\u0103 conduc\u0103 a\u015fa-numitul Department of Government Efficiency (DOGE), care p\u00e2n\u0103 acum a supervizat desfiin\u0163area a peste 100.000 de locuri de munc\u0103 \u00een administra\u0163ia federal\u0103. DOGE a promovat, de asemenea, \u00eenghe\u0163area ajutoarelor externe \u015fi anularea a mii de programe \u015fi contracte guvernamentale.<\/p>\n<p>\u201dSuntem aici cu bucurie \u015fi vrem s\u0103 le ar\u0103t\u0103m celorlal\u0163i c\u0103 nu sunt singuri\u201d, a spus Melissa Knutson, una dintre protestatarele aflate \u00een fa\u0163a showroomului Tesla din Washington.<\/p>\n<p>Proteste similare au avut loc \u015fi \u00een alte ora\u015fe din SUA, inclusiv Los Angeles, dar \u015fi \u00een str\u0103in\u0103tate, cum ar fi la Toronto, unde unii canadieni au declarat c\u0103 vor boicota produsele americane dup\u0103 ce administra\u0163ia Trump a crescut tarifele aplicate bunurilor canadiene.<\/p>\n<p>\u00a0<\/p>","protected":false},"excerpt":{"rendered":"<p>Protestatarii au fluturat pancarte \u015fi au dansat, \u00een timp ce ma\u015finile care treceau pe l\u00e2ng\u0103&hellip;<\/p>\n","protected":false},"author":0,"featured_media":41822,"comment_status":"open","ping_status":"open","sticky":false,"template":"","format":"standard","meta":{"footnotes":""},"categories":[2],"tags":[],"class_list":["post-41827","post","type-post","status-publish","format-standard","has-post-thumbnail","hentry","category-actual"],"_links":{"self":[{"href":"https:\/\/247stiri.ro\/index.php\/wp-json\/wp\/v2\/posts\/41827","targetHints":{"allow":["GET"]}}],"collection":[{"href":"https:\/\/247stiri.ro\/index.php\/wp-json\/wp\/v2\/posts"}],"about":[{"href":"https:\/\/247stiri.ro\/index.php\/wp-json\/wp\/v2\/types\/post"}],"replies":[{"embeddable":true,"href":"https:\/\/247stiri.ro\/index.php\/wp-json\/wp\/v2\/comments?post=41827"}],"version-history":[{"count":0,"href":"https:\/\/247stiri.ro\/index.php\/wp-json\/wp\/v2\/posts\/41827\/revisions"}],"wp:featuredmedia":[{"embeddable":true,"href":"https:\/\/247stiri.ro\/index.php\/wp-json\/wp\/v2\/media\/41822"}],"wp:attachment":[{"href":"https:\/\/247stiri.ro\/index.php\/wp-json\/wp\/v2\/media?parent=41827"}],"wp:term":[{"taxonomy":"category","embeddable":true,"href":"https:\/\/247stiri.ro\/index.php\/wp-json\/wp\/v2\/categories?post=41827"},{"taxonomy":"post_tag","embeddable":true,"href":"https:\/\/247stiri.ro\/index.php\/wp-json\/wp\/v2\/tags?post=41827"}],"curies":[{"name":"wp","href":"https:\/\/api.w.org\/{rel}","templated":true}]}}