{"id":41828,"date":"2025-03-23T14:45:45","date_gmt":"2025-03-23T14:45:45","guid":{"rendered":"https:\/\/247stiri.ro\/index.php\/2025\/03\/23\/kelemen-hunor-despre-visa-waiver-romania-trebuie-sa-si-sustina-cauza-in-fata-sua\/"},"modified":"2025-03-23T14:45:45","modified_gmt":"2025-03-23T14:45:45","slug":"kelemen-hunor-despre-visa-waiver-romania-trebuie-sa-si-sustina-cauza-in-fata-sua","status":"publish","type":"post","link":"https:\/\/247stiri.ro\/index.php\/2025\/03\/23\/kelemen-hunor-despre-visa-waiver-romania-trebuie-sa-si-sustina-cauza-in-fata-sua\/","title":{"rendered":"Kelemen Hunor despre Visa Waiver: Rom\u00e2nia trebuie s\u0103-\u015fi sus\u0163in\u0103 cauza \u00een fa\u0163a SUA"},"content":{"rendered":"<p class=\"par\">&#8222;E politica legat\u0103 de imigra\u0163ie \u00een Statele Unite, e o politic\u0103 nou\u0103, drastic\u0103. Eu zic c\u0103, \u00een acest moment, este important s\u0103 avem r\u0103bdare \u015fi s\u0103 avem argumente dac\u0103, la aceast\u0103 analiz\u0103, suntem \u00eentreba\u0163i. Nu e o noutate. A\u0163i v\u0103zut cum au \u00eenceput \u00een Statele Unite aceste schimb\u0103ri \u00een ceea ce prive\u015fte imigra\u0163ia \u015fi, bine\u00een\u0163eles, noi eram la linia de start pentru a ridica vizele \u015fi trebuie v\u0103zut ce se \u00eent\u00e2mpl\u0103 mai departe. (&#8230;) Noi trebuie s\u0103 avem argumente \u015fi s\u0103 c\u0103ut\u0103m rela\u0163ii \u015fi posibilitatea de a discuta cu administra\u0163ia, asta este important. Trebuie s\u0103 \u015ftim ce vrem s\u0103 facem&#8221;, a afirmat Kelemen Hunor, \u00een declara\u0163ia pentru agen\u0163ia de pres\u0103<\/p>\n<p class=\"par\">\u00cen opinia sa, este un moment dificil, care trebuie privit \u00eentr-un context mai larg:<\/p>\n<p class=\"par\">&#8222;Deci, eu nu sunt panicat, dar e un moment mai dificil. Nu numai pentru noi, c\u0103 nu suntem numai noi. Dac\u0103 ar fi fost doar Rom\u00e2nia, era o alt\u0103 discu\u0163ie, era un alt context, dar, \u00een tabloul mare, ce se \u00eent\u00e2mpl\u0103 nu e foarte, foarte confortabil, dar nici nu e bine s\u0103 ne panic\u0103m \u015fi s\u0103-i \u00eenjur\u0103m pe cei din America, fiindc\u0103 \u015fi pentru ei politica intern\u0103 e pe primul loc&#8221;, a completat liderul UDMR, potrivit sursei men\u0163ionate.<\/p>\n<p><a href=\"https:\/\/www.realitatea.net\/stiri\/actual\/sondaj-george-simion-conduce-detasat-in-preferintele-romanilor-restul-candidatilor-sunt-cu-mult-in-spatele-liderului-suveranistilor_67e00222dc4b523fa1388373\" target=\"_blank\">SONDAJ. AUR conduce deta\u0219at \u00een preferin\u021bele rom\u00e2nilor. Curs prevede o final\u0103 prezide\u021bial\u0103 Simion &#8211; Antonescu. Restul candida\u021bilor sunt cu mult \u00een spatele liderului suverani\u0219tilor<\/a><\/p>","protected":false},"excerpt":{"rendered":"<p>&#8222;E politica legat\u0103 de imigra\u0163ie \u00een Statele Unite, e o politic\u0103 nou\u0103, drastic\u0103. Eu zic&hellip;<\/p>\n","protected":false},"author":0,"featured_media":41829,"comment_status":"open","ping_status":"open","sticky":false,"template":"","format":"standard","meta":{"footnotes":""},"categories":[2],"tags":[],"class_list":["post-41828","post","type-post","status-publish","format-standard","has-post-thumbnail","hentry","category-actual"],"_links":{"self":[{"href":"https:\/\/247stiri.ro\/index.php\/wp-json\/wp\/v2\/posts\/41828","targetHints":{"allow":["GET"]}}],"collection":[{"href":"https:\/\/247stiri.ro\/index.php\/wp-json\/wp\/v2\/posts"}],"about":[{"href":"https:\/\/247stiri.ro\/index.php\/wp-json\/wp\/v2\/types\/post"}],"replies":[{"embeddable":true,"href":"https:\/\/247stiri.ro\/index.php\/wp-json\/wp\/v2\/comments?post=41828"}],"version-history":[{"count":0,"href":"https:\/\/247stiri.ro\/index.php\/wp-json\/wp\/v2\/posts\/41828\/revisions"}],"wp:featuredmedia":[{"embeddable":true,"href":"https:\/\/247stiri.ro\/index.php\/wp-json\/wp\/v2\/media\/41829"}],"wp:attachment":[{"href":"https:\/\/247stiri.ro\/index.php\/wp-json\/wp\/v2\/media?parent=41828"}],"wp:term":[{"taxonomy":"category","embeddable":true,"href":"https:\/\/247stiri.ro\/index.php\/wp-json\/wp\/v2\/categories?post=41828"},{"taxonomy":"post_tag","embeddable":true,"href":"https:\/\/247stiri.ro\/index.php\/wp-json\/wp\/v2\/tags?post=41828"}],"curies":[{"name":"wp","href":"https:\/\/api.w.org\/{rel}","templated":true}]}}