{"id":41842,"date":"2025-03-23T15:45:19","date_gmt":"2025-03-23T15:45:19","guid":{"rendered":"https:\/\/247stiri.ro\/index.php\/2025\/03\/23\/doliu-in-muzica-romaneasca-un-mare-compozitor-si-profesor-s-a-stins-din-viata\/"},"modified":"2025-03-23T15:45:19","modified_gmt":"2025-03-23T15:45:19","slug":"doliu-in-muzica-romaneasca-un-mare-compozitor-si-profesor-s-a-stins-din-viata","status":"publish","type":"post","link":"https:\/\/247stiri.ro\/index.php\/2025\/03\/23\/doliu-in-muzica-romaneasca-un-mare-compozitor-si-profesor-s-a-stins-din-viata\/","title":{"rendered":"Doliu \u00een muzica rom\u00e2neasc\u0103. Un mare compozitor \u0219i profesor s-a stins din via\u021b\u0103"},"content":{"rendered":"<p>Compozitorul \u0219i teoreticianul Dan Buciu, unul dintre cei mai marcan\u021bi membri ai Uniunii Compozitorilor \u0219i Muzicologilor din Rom\u00e2nia (UCMR), a \u00eencetat din via\u021b\u0103.Potrivit unui comunicat al UCMR transmis duminic\u0103 AGERPRES, n\u0103scut \u00een 1943, la Bucure\u0219ti, Dan Buciu a absolvit Conservatorul din Capital\u0103 \u00een 1968. A participat la Internationale Ferienkurse de la Darmstadt (1970, 1982), unde a frecventat cursurile lui Ligeti, Stockhausen, Maderna, Kontarsky. \u00cen 1992 \u0219i-a ob\u021binut doctoratul \u00een muzicologie. \u00cen 2009 a primit titlul de Doctor Honoris Causa al Facult\u0103\u021bii de Arte a Universit\u0103\u021bii &#8216;Ovidius&#8217; din Constan\u021ba.A fost profesor de armonie, forme \u0219i analize muzicale \u0219i conduc\u0103tor de lucr\u0103ri doctorale la Universitatea Na\u021bional\u0103 de Muzic\u0103 din Bucure\u0219ti \u0219i rector al acesteia \u00een perioada 2000 &#8211; 2008. A sus\u021binut conferin\u021be \u00een SUA, la Universit\u0103\u021bile din New York \u0219i Urban-Champaign, Illinois, 1994, \u0219i cursuri de var\u0103 \u00een Fran\u021ba la Antun, 1996.A fost distins de mai multe ori cu premii ale Uniunii Compozitorilor \u0219i Muzicologilor din Rom\u00e2nia, din partea c\u0103reia, \u00een 2021, a primit Marele Premiu pentru \u00eentreaga activitate. A fost recompensat cu Premiul Marin Constantin \u00een cadrul Galei aniversare &#8216;Marin Constantin 100&#8217;, desf\u0103\u0219urat\u0103 pe 27 februarie. A fost coordonator al Sec\u021biei de muzic\u0103 vocal\u0103 a UCMR \u0219i director artistic al festivalului S\u0103pt\u0103m\u00e2na Interna\u021bional\u0103 a Muzicii Noi, \u00een perioada 2013 &#8211; 2015.Conform UCMR, crea\u021bia sa, de factur\u0103 neoclasic\u0103, se caracterizeaz\u0103 printr-un limbaj modal, uneori de inspira\u021bie folcloric\u0103, alteori de construc\u021bie proprie. Printre lucr\u0103rile sale simfonice se num\u0103r\u0103 &#8216;Lespezi&#8217;, &#8216;Scene&#8217; pentru orchestr\u0103, &#8216;Suita rom\u00e2neasc\u0103&#8217;, &#8216;Antinomii&#8217;, &#8216;Cristiane&#8217;, cantata &#8216;Iarba p\u0103m\u00e2ntului&#8217;, ciclul de lieduri &#8216;Lyrica mundi&#8217;, ciclul &#8216;\u00cen\u021beleptul \u0219i poezia&#8217;, piesele camerale &#8216;Nelini\u0219ti&#8217;, &#8216;Schi\u021be pentru un autoportret&#8217;. Crea\u021bia coral\u0103 cuprinde, printre altele, lucr\u0103rile &#8216;Remember Hiroshima&#8217; pentru cor \u0219i band\u0103 magnetic\u0103, &#8216;Ana lui Manole&#8217; pentru cor \u0219i instrumente populare cu mi\u0219care scenic\u0103, Sonet pentru flaut, org\u0103 \u0219i cor mixt pe versuri de Rilke, Jocuri pentru pacea planetei pentru cor de copii etc.A elaborat volume de armonie tonal\u0103 \u0219i modal\u0103, de analiz\u0103, a scris articole \u0219i cronici, evoc\u0103ri \u0219i multe alte texte cu profil educa\u021bional-muzical.Realiz\u0103rile compozitorului \u0219i profesorului Dan Buciu, implicarea sa activ\u0103 \u00een via\u021ba muzical\u0103 rom\u00e2neasc\u0103, cuno\u0219tin\u021bele pe care le-a l\u0103sat studen\u021bilor \u0219i doctoranzilor lui, contribu\u021bia \u00eensemnat\u0103 pe care a avut-o la impulsionarea \u0219i dezvoltarea muzicii corale rom\u00e2ne\u0219ti sunt merite ce r\u0103m\u00e2n \u00een amintirea celor care l-au cunoscut, direct sau indirect, pentru care Uniunea Compozitorilor \u0219i Muzicologilor din Rom\u00e2nia \u00eei va aduce un constant omagiu, se subliniaz\u0103 \u00een comunicatul citat de <a href=\"https:\/\/agerpres.ro\/cultura-media\/2025\/03\/23\/compozitorul-si-profesorul-dan-buciu-a-incetat-din-viata--1433570\" target=\"_blank\">Agerpres.<\/a><\/p>","protected":false},"excerpt":{"rendered":"<p>Compozitorul \u0219i teoreticianul Dan Buciu, unul dintre cei mai marcan\u021bi membri ai Uniunii Compozitorilor \u0219i&hellip;<\/p>\n","protected":false},"author":0,"featured_media":41833,"comment_status":"open","ping_status":"open","sticky":false,"template":"","format":"standard","meta":{"footnotes":""},"categories":[2],"tags":[],"class_list":["post-41842","post","type-post","status-publish","format-standard","has-post-thumbnail","hentry","category-actual"],"_links":{"self":[{"href":"https:\/\/247stiri.ro\/index.php\/wp-json\/wp\/v2\/posts\/41842","targetHints":{"allow":["GET"]}}],"collection":[{"href":"https:\/\/247stiri.ro\/index.php\/wp-json\/wp\/v2\/posts"}],"about":[{"href":"https:\/\/247stiri.ro\/index.php\/wp-json\/wp\/v2\/types\/post"}],"replies":[{"embeddable":true,"href":"https:\/\/247stiri.ro\/index.php\/wp-json\/wp\/v2\/comments?post=41842"}],"version-history":[{"count":0,"href":"https:\/\/247stiri.ro\/index.php\/wp-json\/wp\/v2\/posts\/41842\/revisions"}],"wp:featuredmedia":[{"embeddable":true,"href":"https:\/\/247stiri.ro\/index.php\/wp-json\/wp\/v2\/media\/41833"}],"wp:attachment":[{"href":"https:\/\/247stiri.ro\/index.php\/wp-json\/wp\/v2\/media?parent=41842"}],"wp:term":[{"taxonomy":"category","embeddable":true,"href":"https:\/\/247stiri.ro\/index.php\/wp-json\/wp\/v2\/categories?post=41842"},{"taxonomy":"post_tag","embeddable":true,"href":"https:\/\/247stiri.ro\/index.php\/wp-json\/wp\/v2\/tags?post=41842"}],"curies":[{"name":"wp","href":"https:\/\/api.w.org\/{rel}","templated":true}]}}