{"id":41846,"date":"2025-03-23T15:45:21","date_gmt":"2025-03-23T15:45:21","guid":{"rendered":"https:\/\/247stiri.ro\/index.php\/2025\/03\/23\/artefacte-din-perioada-dacica-vandute-cu-3-lei-la-talcioc-politistii-au-intrat-pe-fir\/"},"modified":"2025-03-23T15:45:21","modified_gmt":"2025-03-23T15:45:21","slug":"artefacte-din-perioada-dacica-vandute-cu-3-lei-la-talcioc-politistii-au-intrat-pe-fir","status":"publish","type":"post","link":"https:\/\/247stiri.ro\/index.php\/2025\/03\/23\/artefacte-din-perioada-dacica-vandute-cu-3-lei-la-talcioc-politistii-au-intrat-pe-fir\/","title":{"rendered":"Artefacte din perioada dacic\u0103, v\u00e2ndute cu 3 lei la talcioc. Poli\u021bi\u0219tii au intrat pe fir"},"content":{"rendered":"<p>Poli\u021bi\u0219tii locali de la Serviciul Interven\u021bii au anun\u021bat c\u0103 au g\u0103sit, duminic\u0103, \u00een talcioc, o femeie care oferea spre v\u00e2nzare, cu pre\u021buri variind \u00eentre 3 \u0219i 5 lei bucata, vestigii arheologice din perioada dacic\u0103, despre care se presupune c\u0103 sunt din zona B\u0103iceni.Directorul general al Poli\u021biei Locale, Liviu Zanfirescu, a precizat conform <a href=\"https:\/\/agerpres.ro\/justitie\/2025\/03\/23\/iasi-femeie-prinsa-de-un-politist-local-cand-vindea-in-talcioc-vestigii-arheologice-din-perioada-dac--1433566\" target=\"_blank\">Agerpres<\/a>, c\u0103 femeia a fost dus\u0103 la Sec\u021bia 6 a Poli\u021biei Municipiului Ia\u0219i pentru continuarea cercet\u0103rilor, dup\u0103 ce a fost g\u0103sit\u0103 \u00een talcioc v\u00e2nz\u00e2nd c\u00e2teva zeci de artefacte etichetate ca fiind din perioada dacic\u0103 din zona B\u0103iceni, comuna Cucuteni.Potrivit lui Zanfirescu, ar fi vorba despre fragmente inscrip\u021bionate specific muzeelor, o parte dintre acestea fiind p\u0103strate \u00eentr-o hus\u0103 pentru piese auto.&#8221;Ast\u0103zi de diminea\u021b\u0103 (duminic\u0103), unul dintre poli\u021bi\u0219tii de la Servicii Interven\u021bii a observat c\u0103 o femeie \u00een v\u00e2rst\u0103 de aproximativ 50 de ani oferea spre v\u00e2nzare diverse pietre din granit, marmur\u0103, ceramic\u0103 dacic\u0103. Colegului nostru i-a atras aten\u021bia c\u0103 fiecare pietricic\u0103 avea o inscrip\u021bie cu acela\u0219i scris de m\u00e2n\u0103, exact ca \u00een exponatele care se reg\u0103sesc \u00een muzeele de profil. A \u00eentrebat acea persoan\u0103 cu c\u00e2t vinde acele pietre. I s-a r\u0103spuns c\u0103 \u00eentre 3 \u0219i 5 lei. Poli\u021bistul local s-a g\u00e2ndit c\u0103 ceva nu e \u00een regul\u0103 \u0219i a condus acea persoan\u0103 la Sec\u021bia 6 Poli\u021bie&#8221;, a explicat Liviu Zanfirescu, conform sursei precizate.El a completat c\u0103 ancheta, cel mai probabil, va fi f\u0103cut\u0103 de Serviciul Investiga\u021bii Criminale din cadrul IPJ Ia\u0219i.&#8221;Persoana respectiv\u0103 a motivat c\u0103 are acele pietre, 38 la num\u0103r, de la o persoan\u0103 la care a f\u0103cut cur\u0103\u021benie. Cert este c\u0103 astfel de vestigii nu aveau ce c\u0103uta \u00eentr-un talcioc. Ele pot proveni fie de la un muzeu, de la o colec\u021bie, de la o universitate&#8221;, a subliniat directorul general al Poli\u021biei Locale Ia\u0219i.<\/p>\n<p><a href=\"https:\/\/www.realitatea.net\/stiri\/actual\/un-tribunal-turc-a-dispus-duminica-incarcerarea-primarului-istanbulului-ekrem-imamoglu-in-asteptarea-procesului-potrivit-presei-de-stat-si-altor-posturi-de-televiziune-intro-decizie-ce-risca-sa-declanseze-cele-mai-ample-proteste-din-turcia-din-ultimul-deceniu-transmite-reuters_67e02121fd1e313a326ce2d5\" target=\"_blank\">Primarul Istanbulului, Ekrem Imamoglu, va sta \u00een arest p\u00e2n\u0103 la proces<\/a><\/p>","protected":false},"excerpt":{"rendered":"<p>Poli\u021bi\u0219tii locali de la Serviciul Interven\u021bii au anun\u021bat c\u0103 au g\u0103sit, duminic\u0103, \u00een talcioc, o&hellip;<\/p>\n","protected":false},"author":0,"featured_media":41847,"comment_status":"open","ping_status":"open","sticky":false,"template":"","format":"standard","meta":{"footnotes":""},"categories":[2],"tags":[],"class_list":["post-41846","post","type-post","status-publish","format-standard","has-post-thumbnail","hentry","category-actual"],"_links":{"self":[{"href":"https:\/\/247stiri.ro\/index.php\/wp-json\/wp\/v2\/posts\/41846","targetHints":{"allow":["GET"]}}],"collection":[{"href":"https:\/\/247stiri.ro\/index.php\/wp-json\/wp\/v2\/posts"}],"about":[{"href":"https:\/\/247stiri.ro\/index.php\/wp-json\/wp\/v2\/types\/post"}],"replies":[{"embeddable":true,"href":"https:\/\/247stiri.ro\/index.php\/wp-json\/wp\/v2\/comments?post=41846"}],"version-history":[{"count":0,"href":"https:\/\/247stiri.ro\/index.php\/wp-json\/wp\/v2\/posts\/41846\/revisions"}],"wp:featuredmedia":[{"embeddable":true,"href":"https:\/\/247stiri.ro\/index.php\/wp-json\/wp\/v2\/media\/41847"}],"wp:attachment":[{"href":"https:\/\/247stiri.ro\/index.php\/wp-json\/wp\/v2\/media?parent=41846"}],"wp:term":[{"taxonomy":"category","embeddable":true,"href":"https:\/\/247stiri.ro\/index.php\/wp-json\/wp\/v2\/categories?post=41846"},{"taxonomy":"post_tag","embeddable":true,"href":"https:\/\/247stiri.ro\/index.php\/wp-json\/wp\/v2\/tags?post=41846"}],"curies":[{"name":"wp","href":"https:\/\/api.w.org\/{rel}","templated":true}]}}