{"id":41848,"date":"2025-03-23T15:45:21","date_gmt":"2025-03-23T15:45:21","guid":{"rendered":"https:\/\/247stiri.ro\/index.php\/2025\/03\/23\/primarul-istanbulului-ekrem-imamoglu-va-sta-in-arest-pana-la-proces-edilul-a-fost-demis-din-functie\/"},"modified":"2025-03-23T15:45:21","modified_gmt":"2025-03-23T15:45:21","slug":"primarul-istanbulului-ekrem-imamoglu-va-sta-in-arest-pana-la-proces-edilul-a-fost-demis-din-functie","status":"publish","type":"post","link":"https:\/\/247stiri.ro\/index.php\/2025\/03\/23\/primarul-istanbulului-ekrem-imamoglu-va-sta-in-arest-pana-la-proces-edilul-a-fost-demis-din-functie\/","title":{"rendered":"Primarul Istanbulului, Ekrem Imamoglu, va sta \u00een arest p\u00e2n\u0103 la proces. Edilul a fost demis din func\u021bie"},"content":{"rendered":"<p>Un tribunal turc a dispus duminic\u0103 \u00eencarcerarea primarului Istanbulului, Ekrem Imamoglu, \u00een a\u015fteptarea procesului, potrivit presei de stat \u015fi altor posturi de televiziune, \u00eentr-o decizie ce risc\u0103 s\u0103 declan\u015feze cele mai ample proteste din Turcia din ultimul deceniu, transmite Reuters, conform <a href=\"https:\/\/www.news.ro\/externe\/un-tribunal-turc-a-decis-incarcerarea-primarului-istanbulului-ekrem-imamoglu-in-asteptarea-procesului-1922401323472025031021975976\" target=\"_blank\">news.ro<\/a><\/p>\n<p>Imamoglu, principalul rival politic al pre\u015fedintelui Recep Tayyip Erdogan, a fost trimis \u00een arest \u00eempreun\u0103 cu cel pu\u0163in alte 20 de persoane, \u00eentr-o anchet\u0103 privind fapte de corup\u0163ie, a anun\u0163at instan\u0163a.<\/p>\n<p>O decizie separat\u0103 \u00eentr-un dosar legat de acuza\u0163ii de terorism este \u00eenc\u0103 \u00een a\u015fteptare.<\/p>\n<p>Decizia vine \u00een contextul \u00een care partidul principal de opozi\u0163ie, lideri europeni \u015fi zeci de mii de protestatari au criticat ac\u0163iunile \u00eempotriva lui Imamoglu, calific\u00e2ndu-le drept motivate politic.<\/p>\n<p><a href=\"https:\/\/www.realitatea.net\/stiri\/actual\/mae-atentionare-de-calatorie-pentru-turcia-marile-orase-paralizate-de-proteste-romanii-sunt-sfatuiti-sa-evite-zonele-aglomerate_67ded054a24de24693253fa2\" target=\"_blank\">MAE, aten\u021bionare de c\u0103l\u0103torie pentru Turcia. Marile ora\u0219e, paralizate de proteste. Rom\u00e2nii sunt sf\u0103tui\u021bi s\u0103 evite zonele aglomerate<\/a>Imamoglu a fost demis din func\u021bie<\/p>\n<p>Primarul Istanbulului, Ekrem Imamoglu, care urmeaz\u0103 s\u0103 fie \u00eenchis duminic\u0103 pentru &#8216;corup\u021bie&#8217;, a fost demis din func\u021bii, a anun\u021bat Ministerul de Interne turc, relateaz\u0103 AFP.&#8217;Ekrem Imamoglu, primarul municipalit\u0103\u021bii metropolitane din Istanbul (&#8230;) a fost suspendat din func\u021bii&#8217;, a anun\u021bat ministerul \u00eentr-un comunicat.&#8217;Nu voi ceda niciodat\u0103, totul va fi bine&#8217;, a promis Ekrem Imamoglu, dup\u0103 decizia tribunalului de a-l \u00eencarcera pe perioada anchetei pentru acuza\u021bii de &#8216;corup\u021bie&#8217; de care este vizat, noteaz\u0103 Reuters \u0219i AFP.\u00centr-un mesaj postat pe re\u021beaua X prin intermediul avoca\u021bilor s\u0103i, primarul, principalul adversar al pre\u0219edintelui Recep Tayyip Erdogan, a f\u0103cut apel c\u0103tre sus\u021bin\u0103torii s\u0103i &#8216;s\u0103 nu-\u0219i piard\u0103 speran\u021ba&#8217; \u0219i &#8216;s\u0103 nu se descurajeze&#8217;.Primarul, care reprezint\u0103 forma\u021biunea de opozi\u021bie CHP (Partidul Republican al Poporului), r\u0103m\u00e2ne \u00een arest \u00een leg\u0103tur\u0103 cu acuza\u021biile de corup\u021bie care i se aduc, \u00een schimb justi\u021bia a respins cererea de \u00eencarcerare pentru &#8216;terorism&#8217;, men\u021bioneaz\u0103 Reuters \u0219i AFP, scrie <a href=\"https:\/\/agerpres.ro\/politic-extern\/2025\/03\/23\/turcia-primarul-istanbulului-demis-din-functie--1433567\" target=\"_blank\">Agerpres.<\/a><\/p>","protected":false},"excerpt":{"rendered":"<p>Un tribunal turc a dispus duminic\u0103 \u00eencarcerarea primarului Istanbulului, Ekrem Imamoglu, \u00een a\u015fteptarea procesului, potrivit&hellip;<\/p>\n","protected":false},"author":0,"featured_media":41837,"comment_status":"open","ping_status":"open","sticky":false,"template":"","format":"standard","meta":{"footnotes":""},"categories":[2],"tags":[],"class_list":["post-41848","post","type-post","status-publish","format-standard","has-post-thumbnail","hentry","category-actual"],"_links":{"self":[{"href":"https:\/\/247stiri.ro\/index.php\/wp-json\/wp\/v2\/posts\/41848","targetHints":{"allow":["GET"]}}],"collection":[{"href":"https:\/\/247stiri.ro\/index.php\/wp-json\/wp\/v2\/posts"}],"about":[{"href":"https:\/\/247stiri.ro\/index.php\/wp-json\/wp\/v2\/types\/post"}],"replies":[{"embeddable":true,"href":"https:\/\/247stiri.ro\/index.php\/wp-json\/wp\/v2\/comments?post=41848"}],"version-history":[{"count":0,"href":"https:\/\/247stiri.ro\/index.php\/wp-json\/wp\/v2\/posts\/41848\/revisions"}],"wp:featuredmedia":[{"embeddable":true,"href":"https:\/\/247stiri.ro\/index.php\/wp-json\/wp\/v2\/media\/41837"}],"wp:attachment":[{"href":"https:\/\/247stiri.ro\/index.php\/wp-json\/wp\/v2\/media?parent=41848"}],"wp:term":[{"taxonomy":"category","embeddable":true,"href":"https:\/\/247stiri.ro\/index.php\/wp-json\/wp\/v2\/categories?post=41848"},{"taxonomy":"post_tag","embeddable":true,"href":"https:\/\/247stiri.ro\/index.php\/wp-json\/wp\/v2\/tags?post=41848"}],"curies":[{"name":"wp","href":"https:\/\/api.w.org\/{rel}","templated":true}]}}