{"id":4186,"date":"2024-11-03T20:33:50","date_gmt":"2024-11-03T20:33:50","guid":{"rendered":"https:\/\/247stiri.ro\/index.php\/2024\/11\/03\/irinel-columbeanu-a-fost-consultat-de-un-psihiatru-de-ce-a-venit-medicul-specialist-la-fostul-milionar-in-azilul-de-batrani\/"},"modified":"2024-11-03T20:33:50","modified_gmt":"2024-11-03T20:33:50","slug":"irinel-columbeanu-a-fost-consultat-de-un-psihiatru-de-ce-a-venit-medicul-specialist-la-fostul-milionar-in-azilul-de-batrani","status":"publish","type":"post","link":"https:\/\/247stiri.ro\/index.php\/2024\/11\/03\/irinel-columbeanu-a-fost-consultat-de-un-psihiatru-de-ce-a-venit-medicul-specialist-la-fostul-milionar-in-azilul-de-batrani\/","title":{"rendered":"Irinel Columbeanu a fost consultat de un psihiatru. De ce a venit medicul specialist la fostul milionar \u00een azilul de b\u0103tr\u00e2ni?"},"content":{"rendered":"<p>Irinel Columbeanu, \u00een v\u00e2rst\u0103 de 67 de ani, s-a pl\u00e2ns frecvent de insomnii, \u00een urma a dou\u0103 accidente vasculare cerebrale (AVC) suferite. Recent, fostul miliardar a c\u0103utat ajutorul unui medic psihiatru, care i-a recomandat un tratament adecvat.<\/p>\n<p>Ion Cassian, patronul azilului din Gherm\u0103ne\u0219ti, unde locuie\u0219te fostul miliardar, a dezv\u0103luit, pentru Click!, cu ce probleme de s\u0103n\u0103tate se confrunt\u0103 Irinel Columbeanu \u0219i ce interdic\u021bii are, pe via\u021b\u0103.<\/p>\n<p><a title=\"Reteta manastireasca: Samponul-tratament pentru par gras, matreata si dermatita. Ai nevoie de doar cateva ingrediente, 100% naturale\" href=\"https:\/\/www.realitatea.net\/stiri\/actual\/reteta-manastireasca-samponultratament-pentru-par-gras-matreata-si-dermatita-ai-nevoie-de-doar-cateva-ingrediente-100-naturale_6727b0197f180f17d03843b2\">Re\u021bet\u0103 m\u0103n\u0103stireasc\u0103: \u0218amponul-tratament pentru p\u0103r gras, m\u0103trea\u021b\u0103 \u0219i dermatit\u0103. Ai nevoie de doar c\u00e2teva ingrediente, 100% naturale<\/a><\/p>\n<p>\u201eAcum este mai bini\u0219or, are un spirit de via\u021b\u0103 pozitiv. S-a pl\u00e2ns de insomnii, a\u0219a c\u0103 noi i-am chemat medicul psihiatru, care l-a consultat, acum are un tratament. Nu doarme prea bine noaptea, dar, de fapt, nici nu are cum, c\u0103ci doarme foarte mult ziua. E \u0219i cam trist c\u0103, din p\u0103cate, dup\u0103 ce a suferit cele dou\u0103 AVC-uri, nu mai poate c\u0103l\u0103tori cu avionul. Voia s\u0103 mearg\u0103 la fiica lui, dar medicul care l-a consultat i-a spus clar c\u0103 nu mai are voie. El tot sper\u0103 \u00eens\u0103\u201d, a spus patronul azilului.<\/p>\n<p>Irinel Columbeanu are, \u00een continuare, datorii la b\u0103nci<\/p>\n<p>\u201eAre o pensie mic\u0103, un pic peste 2.000 de lei, chiar \u0219i dup\u0103 major\u0103ri. Din\u00a0 ace\u0219ti bani are \u0219i poprire.\u00a0 Cred c\u0103 nu va sc\u0103pa toat\u0103 via\u021ba de datoriile la b\u0103nci, din cauza c\u0103rora \u0219i-a pierdut \u0219i vila de la Izvorani. Lumea \u00eel mai ajut\u0103 cu bani, chiar \u0219i fo\u0219tii prieteni.<\/p>\n<p>Eu i-am promis c\u0103 \u00eel voi g\u0103zdui, la noi, la c\u0103min, c\u00e2t va dori. Aici a locuit \u0219i tat\u0103l lui, Ion Columbeanu, \u00een ultima parte a vie\u021bii. Irinel nu st\u0103 \u00eens\u0103 \u00een aceea\u0219i camer\u0103, a ales alta. Are televizor, c\u0103r\u021bi, haine. Sunt condi\u021bii bune, dar, evident, duce dorul vie\u021bii pe care a avut-o\u201d, a mai spus Ion Cassian.<\/p>\n<p><a href=\"https:\/\/www.realitatea.net\/stiri\/actual\/curaj-fantastic-in-cea-mai-opresiva-dictatura-o-studenta-iraniana-a-mers-dezbracata-prin-campusul-universitatii-in-semn-de-protest-ce-sa-intamplat-dupa-aceasta-actiune_67279708ce421600be55bc12\" target=\"_blank\" rel=\"noopener\">Curaj fantastic \u00een cea mai opresiv\u0103 dictatur\u0103: O student\u0103 iranian\u0103 a mers dezbr\u0103cat\u0103 prin campusul universit\u0103\u021bii, \u00een semn de protest. Ce s-a \u00eent\u00e2mplat dup\u0103 aceast\u0103 ac\u021biune<\/a><\/p>","protected":false},"excerpt":{"rendered":"<p>Irinel Columbeanu, \u00een v\u00e2rst\u0103 de 67 de ani, s-a pl\u00e2ns frecvent de insomnii, \u00een urma&hellip;<\/p>\n","protected":false},"author":0,"featured_media":4180,"comment_status":"open","ping_status":"open","sticky":false,"template":"","format":"standard","meta":{"footnotes":""},"categories":[2],"tags":[],"class_list":["post-4186","post","type-post","status-publish","format-standard","has-post-thumbnail","hentry","category-actual"],"_links":{"self":[{"href":"https:\/\/247stiri.ro\/index.php\/wp-json\/wp\/v2\/posts\/4186","targetHints":{"allow":["GET"]}}],"collection":[{"href":"https:\/\/247stiri.ro\/index.php\/wp-json\/wp\/v2\/posts"}],"about":[{"href":"https:\/\/247stiri.ro\/index.php\/wp-json\/wp\/v2\/types\/post"}],"replies":[{"embeddable":true,"href":"https:\/\/247stiri.ro\/index.php\/wp-json\/wp\/v2\/comments?post=4186"}],"version-history":[{"count":0,"href":"https:\/\/247stiri.ro\/index.php\/wp-json\/wp\/v2\/posts\/4186\/revisions"}],"wp:featuredmedia":[{"embeddable":true,"href":"https:\/\/247stiri.ro\/index.php\/wp-json\/wp\/v2\/media\/4180"}],"wp:attachment":[{"href":"https:\/\/247stiri.ro\/index.php\/wp-json\/wp\/v2\/media?parent=4186"}],"wp:term":[{"taxonomy":"category","embeddable":true,"href":"https:\/\/247stiri.ro\/index.php\/wp-json\/wp\/v2\/categories?post=4186"},{"taxonomy":"post_tag","embeddable":true,"href":"https:\/\/247stiri.ro\/index.php\/wp-json\/wp\/v2\/tags?post=4186"}],"curies":[{"name":"wp","href":"https:\/\/api.w.org\/{rel}","templated":true}]}}