{"id":41862,"date":"2025-03-23T16:45:08","date_gmt":"2025-03-23T16:45:08","guid":{"rendered":"https:\/\/247stiri.ro\/index.php\/2025\/03\/23\/ginerele-lui-becali-amenda-uriasa-dupa-ce-a-condus-beat-cum-a-fentat-catusele\/"},"modified":"2025-03-23T16:45:08","modified_gmt":"2025-03-23T16:45:08","slug":"ginerele-lui-becali-amenda-uriasa-dupa-ce-a-condus-beat-cum-a-fentat-catusele","status":"publish","type":"post","link":"https:\/\/247stiri.ro\/index.php\/2025\/03\/23\/ginerele-lui-becali-amenda-uriasa-dupa-ce-a-condus-beat-cum-a-fentat-catusele\/","title":{"rendered":"Ginerele lui Becali, amend\u0103 uria\u0219\u0103 dup\u0103 ce a condus beat. Cum a fentat c\u0103tu\u0219ele"},"content":{"rendered":"<p>Mihai Theodor Mincu, cunoscut drept \u201ePrin\u021bi\u0219orul din Dobroie\u0219ti\u201d, a fost prins \u00een urm\u0103 cu c\u00e2\u021biva ani cu o alcoolemie uria\u0219\u0103 \u00een timp ce se afla la volan. Presa a scris de asemenea, c\u0103 t\u00e2n\u0103rul ar fi ie\u0219it atunci pozitiv \u0219i la drug test.<\/p>\n<p>Ginerele lui Gigi Becali a refuzat s\u0103 sufle \u00een alcool test, motiv\u00e2nd c\u0103 are \u201dprobleme cu respira\u021bia\u201d, \u00eens\u0103 a fost condus la INML unde i s-au recoltat dou\u0103 probe de s\u00e2nge. Potrivit buletinului de analiz\u0103, inculpatul avea o alcoolemie de 2,01 grame la mie alcool pur \u00een s\u00e2nge.<\/p>\n<p>Dup\u0103 ce a fost oprit de poli\u021bie, Mihai Theodor Mincu ar fi \u00eencercat s\u0103-i deruteze pe oamenii legii. Dup\u0103 rezultatul halucinant, el a m\u0103rturisit \u00een cele din urm\u0103 c\u0103 a consumat alcool \u00eempreun\u0103 cu alte dou\u0103 persoane la un local din Her\u0103str\u0103u.<\/p>\n<p>De asemenea, ginerele lui Becali a povestit c\u0103 s-ar fi urcat la volan, f\u0103r\u0103 s\u0103 mai con\u0219tientizeze c\u0103 a b\u0103ut, dup\u0103 ce so\u021bia l-ar fi sunat \u0219i l-a trimis la farmacie pentru c\u0103 fiica lor nu se sim\u021bea bine.<\/p>\n<p>Ginerele lui Gigi Becali i-a convins, \u00eens\u0103, pe magistra\u021bi c\u0103 nu reprezint\u0103 un pericol social, astfel c\u0103 nu va sta nici m\u0103car o zi dup\u0103 gratii. Instan\u021ba i-a dat \u00eens\u0103 o amend\u0103 uria\u0219\u0103, de 45 de mii de lei.<\/p>","protected":false},"excerpt":{"rendered":"<p>Mihai Theodor Mincu, cunoscut drept \u201ePrin\u021bi\u0219orul din Dobroie\u0219ti\u201d, a fost prins \u00een urm\u0103 cu c\u00e2\u021biva&hellip;<\/p>\n","protected":false},"author":0,"featured_media":41852,"comment_status":"open","ping_status":"open","sticky":false,"template":"","format":"standard","meta":{"footnotes":""},"categories":[2],"tags":[],"class_list":["post-41862","post","type-post","status-publish","format-standard","has-post-thumbnail","hentry","category-actual"],"_links":{"self":[{"href":"https:\/\/247stiri.ro\/index.php\/wp-json\/wp\/v2\/posts\/41862","targetHints":{"allow":["GET"]}}],"collection":[{"href":"https:\/\/247stiri.ro\/index.php\/wp-json\/wp\/v2\/posts"}],"about":[{"href":"https:\/\/247stiri.ro\/index.php\/wp-json\/wp\/v2\/types\/post"}],"replies":[{"embeddable":true,"href":"https:\/\/247stiri.ro\/index.php\/wp-json\/wp\/v2\/comments?post=41862"}],"version-history":[{"count":0,"href":"https:\/\/247stiri.ro\/index.php\/wp-json\/wp\/v2\/posts\/41862\/revisions"}],"wp:featuredmedia":[{"embeddable":true,"href":"https:\/\/247stiri.ro\/index.php\/wp-json\/wp\/v2\/media\/41852"}],"wp:attachment":[{"href":"https:\/\/247stiri.ro\/index.php\/wp-json\/wp\/v2\/media?parent=41862"}],"wp:term":[{"taxonomy":"category","embeddable":true,"href":"https:\/\/247stiri.ro\/index.php\/wp-json\/wp\/v2\/categories?post=41862"},{"taxonomy":"post_tag","embeddable":true,"href":"https:\/\/247stiri.ro\/index.php\/wp-json\/wp\/v2\/tags?post=41862"}],"curies":[{"name":"wp","href":"https:\/\/api.w.org\/{rel}","templated":true}]}}