{"id":41863,"date":"2025-03-23T16:45:09","date_gmt":"2025-03-23T16:45:09","guid":{"rendered":"https:\/\/247stiri.ro\/index.php\/2025\/03\/23\/presedintele-interimar-ilie-bolojan-va-participa-la-reuniunea-sefilor-de-stat-de-la-paris\/"},"modified":"2025-03-23T16:45:09","modified_gmt":"2025-03-23T16:45:09","slug":"presedintele-interimar-ilie-bolojan-va-participa-la-reuniunea-sefilor-de-stat-de-la-paris","status":"publish","type":"post","link":"https:\/\/247stiri.ro\/index.php\/2025\/03\/23\/presedintele-interimar-ilie-bolojan-va-participa-la-reuniunea-sefilor-de-stat-de-la-paris\/","title":{"rendered":"Pre\u0219edintele interimar, Ilie Bolojan, va participa la Reuniunea \u0218efilor de Stat, de la Paris"},"content":{"rendered":"<p>Pre\u015fedintele interimar, Ilie Bolojan, va participa joi, la Reuniunea \u015fefilor de stat \u015fi de guvern ai Coalition of the willing privind securitatea \u00een Ucraina care va avea loc la Paris, Republica Francez\u0103.<\/p>\n<p>\u201dPre\u015fedintele interimar al Rom\u00e2niei, Ilie Bolojan, va participa joi, 27 martie 2025, la Reuniunea \u015fefilor de stat \u015fi de guvern ai Coalition of the willing privind securitatea \u00een Ucraina care va avea loc la Paris, Republica Francez\u0103\u201d, anun\u0163\u0103 Administra\u0163ia Preziden\u0163ial\u0103.\u00a0<\/p>\n<p>Pe 21 februarie, pre\u015fedintele interimar a participat, \u00een format online, la summitul Defense and Security Strategy of Unity. Action Plan, organizat \u00een Ucraina.\u00a0\u00a0Pe 19 februarie,\u00a0Pre\u015fedintele interimar al Rom\u00e2niei, Ilie Bolojan a participat la reuniunea organizat\u0103 la Palatul Elysee pe tema r\u0103zboiului din Ucraina. Bolojan este \u00eenso\u0163it de Lumini\u0163a Odobescu, consilier preziden\u0163ial pentru afaceri europene.\u00a0<\/p>\n<p>Fran\u0163a a g\u0103zduit a doua reuniune pentru a discuta despre Ucraina \u015fi securitatea european\u0103, dar de data aceasta a invitat \u0163\u0103ri europene care nu au fost prezente la \u00eenceputul acestei s\u0103pt\u0103m\u00e2ni, \u00eentre care \u015fi Rom\u00e2nia, precum \u015fi cu aliatul din NATO Canada.<\/p>","protected":false},"excerpt":{"rendered":"<p>Pre\u015fedintele interimar, Ilie Bolojan, va participa joi, la Reuniunea \u015fefilor de stat \u015fi de guvern&hellip;<\/p>\n","protected":false},"author":0,"featured_media":41854,"comment_status":"open","ping_status":"open","sticky":false,"template":"","format":"standard","meta":{"footnotes":""},"categories":[2],"tags":[],"class_list":["post-41863","post","type-post","status-publish","format-standard","has-post-thumbnail","hentry","category-actual"],"_links":{"self":[{"href":"https:\/\/247stiri.ro\/index.php\/wp-json\/wp\/v2\/posts\/41863","targetHints":{"allow":["GET"]}}],"collection":[{"href":"https:\/\/247stiri.ro\/index.php\/wp-json\/wp\/v2\/posts"}],"about":[{"href":"https:\/\/247stiri.ro\/index.php\/wp-json\/wp\/v2\/types\/post"}],"replies":[{"embeddable":true,"href":"https:\/\/247stiri.ro\/index.php\/wp-json\/wp\/v2\/comments?post=41863"}],"version-history":[{"count":0,"href":"https:\/\/247stiri.ro\/index.php\/wp-json\/wp\/v2\/posts\/41863\/revisions"}],"wp:featuredmedia":[{"embeddable":true,"href":"https:\/\/247stiri.ro\/index.php\/wp-json\/wp\/v2\/media\/41854"}],"wp:attachment":[{"href":"https:\/\/247stiri.ro\/index.php\/wp-json\/wp\/v2\/media?parent=41863"}],"wp:term":[{"taxonomy":"category","embeddable":true,"href":"https:\/\/247stiri.ro\/index.php\/wp-json\/wp\/v2\/categories?post=41863"},{"taxonomy":"post_tag","embeddable":true,"href":"https:\/\/247stiri.ro\/index.php\/wp-json\/wp\/v2\/tags?post=41863"}],"curies":[{"name":"wp","href":"https:\/\/api.w.org\/{rel}","templated":true}]}}