{"id":41865,"date":"2025-03-23T16:45:10","date_gmt":"2025-03-23T16:45:10","guid":{"rendered":"https:\/\/247stiri.ro\/index.php\/2025\/03\/23\/ministrul-de-interne-catalin-predoiu-spune-ca-se-va-intalni-cu-ilie-bolojan-pentru-a-discuta-despre-siguranta-publica\/"},"modified":"2025-03-23T16:45:10","modified_gmt":"2025-03-23T16:45:10","slug":"ministrul-de-interne-catalin-predoiu-spune-ca-se-va-intalni-cu-ilie-bolojan-pentru-a-discuta-despre-siguranta-publica","status":"publish","type":"post","link":"https:\/\/247stiri.ro\/index.php\/2025\/03\/23\/ministrul-de-interne-catalin-predoiu-spune-ca-se-va-intalni-cu-ilie-bolojan-pentru-a-discuta-despre-siguranta-publica\/","title":{"rendered":"Ministrul de Interne, C\u0103t\u0103lin Predoiu, spune c\u0103 se va \u00eent\u00e2lni cu Ilie Bolojan pentru a discuta despre siguran\u021ba public\u0103"},"content":{"rendered":"<p>Conform declara\u021biilor sale, \u00eent\u00e2lnire ar urma s\u0103 aib\u0103 loc duminic\u0103 sau luni. El i-a mul\u0163umit pre\u015fedintelui interimar Ilie Bolojan pentru c\u0103 a organizat Por\u0163ile deschise la Palatul Cotroceni, unde Poli\u0163ia Rom\u00e2n\u0103 a putut s\u0103 \u00ee\u015fi prezinte tehnica militar\u0103.<\/p>\n<p>\u201dS-ar putea s\u0103 m\u0103 \u00eent\u00e2lnesc. Nu m-am \u00eent\u00e2lnit \u00eenc\u0103 dar e posibil s\u0103 m\u0103 \u00eent\u00e2lnesc ori azi, ori m\u00e2ine, cu d\u00e2nsul\u201d, a spus ministrul C\u0103t\u0103lin Predoiu. El a participat la Palatul Cotroceni la expozi\u0163ia organizat\u0103 de Ministerul de Interne, cu prilejul Por\u0163ilor Deschise, organizate de Administra\u0163ia Preziden\u0163ial\u0103, scrie<a href=\"https:\/\/www.news.ro\/politic-intern\/catalin-predoiu-spune-ca-se-va-intalni-duminica-sau-luni-cu-ilie-bolojan-sunt-consultari-generale-pe-care-le-avem-ii-fac-o-informare-despre-ordinea-publica-nivel-de-siguranta-publica-1922400923002025031621976196\" target=\"_blank\"> news.ro<\/a><\/p>\n<p>C\u0103t\u0103lin Predoiu a precizat c\u0103 are o comunicare constant\u0103 cu pre\u015fedintele interimar.\u00a0\u00a0\u201dSunt consult\u0103ri generale pe care le avem, \u00eei fac o informare despre ordinea public\u0103, nivel de siguran\u0163\u0103 public\u0103\u201d, a mai declarat Predoiu.\u00a0\u00a0El i-a mul\u0163umit lui Bolojan c\u0103 a organizat Por\u0163ile deschise la Palatul Cotroceni, unde Poli\u0163ia Rom\u00e2n\u0103 a putut s\u0103 prezinte tehnica militar\u0103, scrie aceea\u0219i surs\u0103.\u00a0\u00a0<a href=\"https:\/\/www.realitatea.net\/stiri\/actual\/predoiu-ameninta-cu-batai-in-strada-daca-inving-suveranistii-vom-avea-anarhie_67deb62512bf53205d38b1a2\" target=\"_blank\">Predoiu amenin\u021b\u0103 cu b\u0103t\u0103i \u00een strad\u0103 dac\u0103 \u00eenving suverani\u0219tii: \u201dVom avea anarhie\u201d<\/a><\/p>","protected":false},"excerpt":{"rendered":"<p>Conform declara\u021biilor sale, \u00eent\u00e2lnire ar urma s\u0103 aib\u0103 loc duminic\u0103 sau luni. El i-a mul\u0163umit&hellip;<\/p>\n","protected":false},"author":0,"featured_media":41866,"comment_status":"open","ping_status":"open","sticky":false,"template":"","format":"standard","meta":{"footnotes":""},"categories":[2],"tags":[],"class_list":["post-41865","post","type-post","status-publish","format-standard","has-post-thumbnail","hentry","category-actual"],"_links":{"self":[{"href":"https:\/\/247stiri.ro\/index.php\/wp-json\/wp\/v2\/posts\/41865","targetHints":{"allow":["GET"]}}],"collection":[{"href":"https:\/\/247stiri.ro\/index.php\/wp-json\/wp\/v2\/posts"}],"about":[{"href":"https:\/\/247stiri.ro\/index.php\/wp-json\/wp\/v2\/types\/post"}],"replies":[{"embeddable":true,"href":"https:\/\/247stiri.ro\/index.php\/wp-json\/wp\/v2\/comments?post=41865"}],"version-history":[{"count":0,"href":"https:\/\/247stiri.ro\/index.php\/wp-json\/wp\/v2\/posts\/41865\/revisions"}],"wp:featuredmedia":[{"embeddable":true,"href":"https:\/\/247stiri.ro\/index.php\/wp-json\/wp\/v2\/media\/41866"}],"wp:attachment":[{"href":"https:\/\/247stiri.ro\/index.php\/wp-json\/wp\/v2\/media?parent=41865"}],"wp:term":[{"taxonomy":"category","embeddable":true,"href":"https:\/\/247stiri.ro\/index.php\/wp-json\/wp\/v2\/categories?post=41865"},{"taxonomy":"post_tag","embeddable":true,"href":"https:\/\/247stiri.ro\/index.php\/wp-json\/wp\/v2\/tags?post=41865"}],"curies":[{"name":"wp","href":"https:\/\/api.w.org\/{rel}","templated":true}]}}