{"id":41867,"date":"2025-03-23T16:45:10","date_gmt":"2025-03-23T16:45:10","guid":{"rendered":"https:\/\/247stiri.ro\/index.php\/2025\/03\/23\/viorica-dancila-demasca-tradarile-lui-terhes-povestea-contestatiei-impotriva-lui-lasconi-comandate-de-sistem-cum-s-a-dus-pe-ascuns\/"},"modified":"2025-03-23T16:45:10","modified_gmt":"2025-03-23T16:45:10","slug":"viorica-dancila-demasca-tradarile-lui-terhes-povestea-contestatiei-impotriva-lui-lasconi-comandate-de-sistem-cum-s-a-dus-pe-ascuns","status":"publish","type":"post","link":"https:\/\/247stiri.ro\/index.php\/2025\/03\/23\/viorica-dancila-demasca-tradarile-lui-terhes-povestea-contestatiei-impotriva-lui-lasconi-comandate-de-sistem-cum-s-a-dus-pe-ascuns\/","title":{"rendered":"Viorica D\u0103ncil\u0103 demasc\u0103 tr\u0103d\u0103rile lui Terhe\u0219. Povestea contesta\u021biei \u00eempotriva lui Lasconi comandate de sistem &#8211; cum s-a dus pe ascuns"},"content":{"rendered":"<p>\u201eCu 2 zile \u00eenainte de alegerile parlamentare, am fost la partid p\u00e2n\u0103 la 20 c\u00e2nd Terhe\u0219 a zis c\u0103 pleac\u0103 la Antena 3 c\u0103 are emisiune. Am plecat to\u021bi, Terhe\u0219 n-a ap\u0103rut la TV. Am sunat la domnul care conducea campania electoral\u0103. Nu \u0219tiam ce se \u00eent\u00e2mpl\u0103, c\u0103 a \u00eent\u00e2rziat, nu a ap\u0103rut la acea emisiune. A doua zi am fost la partid, au \u00eenceput sa sune telefoanele de la televiziuni, ce s-a \u00eent\u00e2mplat cu contesta\u021bia. Nimeni nu a \u0219tiut de aceast\u0103 contesta\u021bie. A fost depus\u0103 \u00een nume personal f\u0103r\u0103 s\u0103 \u0219tie nimeni.<\/p>\n<p>\u0218i-a b\u0103tut joc de to\u021bi colegii de partid din \u021bar\u0103 \u0219i am \u00eentrebat ce s-a \u00eent\u00e2mplat. A depus o contesta\u021bie \u00eempotriva lui Lasconi pentru c\u0103 a f\u0103cut campanie dup\u0103 ce s-au \u00eenchis urnele, nicidecum c\u0103 acea contesta\u021bie era pentru anularea alegerilor. Pe urma am aflat de la televiziuni pentru c\u0103 aceast\u0103 contesta\u021bie avea \u021bint\u0103 C\u0103lin Georgescu. Am plecat din partid, to\u021bi ne-am retras foarte mult. Nu am fost de acord cu ce a f\u0103cut, am explicat. Explica\u021bia d\u00e2nsului a fost surprinz\u0103toare: voi fi un erou, voi face ce e bine pentru \u021bar\u0103. Cred c\u0103 domnul Terhe\u0219 trebuie s\u0103 vin\u0103 s\u0103 dea ochii cu oamenii din Rom\u00e2nia.<\/p>\n<p>De ce a luat aceast\u0103 decizie f\u0103r\u0103 s\u0103 \u00eentrebe pe nimeni? Cine l-a pus? Dac\u0103 l-a pus cineva s\u0103 fac\u0103 asta? Cred c\u0103 faptul c\u0103 iar candideaz\u0103 este sigur c\u0103 n-o s\u0103 c\u00e2\u0219tige, mai ales s\u0103 fie iar\u0103\u0219i un om dac\u0103 nu iese cine trebuie, av\u00e2nd \u00een vedere c\u0103 doar candida\u021bii pot depune contesta\u021bii, s\u0103 mai conteste aceste alegeri. Acest lucru pe care l-a f\u0103cut Terhe\u0219 este ru\u0219inos \u0219i acest lucru va fi o pat\u0103 neagr\u0103 pentru tot ceea ce \u00eenseamn\u0103 implicarea \u00een politic\u0103 pentru domnia sa.\u201d, a declarat Viorica D\u0103ncil\u0103.<\/p>","protected":false},"excerpt":{"rendered":"<p>\u201eCu 2 zile \u00eenainte de alegerile parlamentare, am fost la partid p\u00e2n\u0103 la 20 c\u00e2nd&hellip;<\/p>\n","protected":false},"author":0,"featured_media":41858,"comment_status":"open","ping_status":"open","sticky":false,"template":"","format":"standard","meta":{"footnotes":""},"categories":[2],"tags":[],"class_list":["post-41867","post","type-post","status-publish","format-standard","has-post-thumbnail","hentry","category-actual"],"_links":{"self":[{"href":"https:\/\/247stiri.ro\/index.php\/wp-json\/wp\/v2\/posts\/41867","targetHints":{"allow":["GET"]}}],"collection":[{"href":"https:\/\/247stiri.ro\/index.php\/wp-json\/wp\/v2\/posts"}],"about":[{"href":"https:\/\/247stiri.ro\/index.php\/wp-json\/wp\/v2\/types\/post"}],"replies":[{"embeddable":true,"href":"https:\/\/247stiri.ro\/index.php\/wp-json\/wp\/v2\/comments?post=41867"}],"version-history":[{"count":0,"href":"https:\/\/247stiri.ro\/index.php\/wp-json\/wp\/v2\/posts\/41867\/revisions"}],"wp:featuredmedia":[{"embeddable":true,"href":"https:\/\/247stiri.ro\/index.php\/wp-json\/wp\/v2\/media\/41858"}],"wp:attachment":[{"href":"https:\/\/247stiri.ro\/index.php\/wp-json\/wp\/v2\/media?parent=41867"}],"wp:term":[{"taxonomy":"category","embeddable":true,"href":"https:\/\/247stiri.ro\/index.php\/wp-json\/wp\/v2\/categories?post=41867"},{"taxonomy":"post_tag","embeddable":true,"href":"https:\/\/247stiri.ro\/index.php\/wp-json\/wp\/v2\/tags?post=41867"}],"curies":[{"name":"wp","href":"https:\/\/api.w.org\/{rel}","templated":true}]}}