{"id":41868,"date":"2025-03-23T16:45:11","date_gmt":"2025-03-23T16:45:11","guid":{"rendered":"https:\/\/247stiri.ro\/index.php\/2025\/03\/23\/robert-turcescu-atac-dur-la-campania-lui-nicusor-dan-in-proiectul-nicusor-dan-presedinte-s-au-bagat-foarte-multi-bani-tiktok-ul-este-plin-de-el\/"},"modified":"2025-03-23T16:45:11","modified_gmt":"2025-03-23T16:45:11","slug":"robert-turcescu-atac-dur-la-campania-lui-nicusor-dan-in-proiectul-nicusor-dan-presedinte-s-au-bagat-foarte-multi-bani-tiktok-ul-este-plin-de-el","status":"publish","type":"post","link":"https:\/\/247stiri.ro\/index.php\/2025\/03\/23\/robert-turcescu-atac-dur-la-campania-lui-nicusor-dan-in-proiectul-nicusor-dan-presedinte-s-au-bagat-foarte-multi-bani-tiktok-ul-este-plin-de-el\/","title":{"rendered":"Robert Turcescu, atac dur la campania lui Nicu\u0219or Dan: \u201d\u00cen proiectul \u201eNicu\u0219or Dan pre\u0219edinte\u201d s-au b\u0103gat foarte mul\u021bi bani. TikTok-ul este plin de el\u201d"},"content":{"rendered":"<p>\u201eB\u0103i frate, nu po\u021bi sa deschizi un TikTok f\u0103r\u0103 s\u0103 dai de mutra lui Nicu\u0219or Dan&#8230; Nicu\u0219or Dan, care m\u0103n\u00e2nc\u0103 shaorma, care \u00ee\u0219i comand\u0103 cafea<\/p>\n<p>Bani mul\u021bi, b\u0103, dincolo de orice fel de glum\u0103. \u00cen proiectul \u201eNicu\u0219or Dan pre\u0219edinte\u201d se bag\u0103 nu mul\u021bi, ci foarte, foarte mul\u021bi bani. O s\u0103 zice\u021bi: cine bag\u0103 bani \u00een Nicu\u0219or Dan?<\/p>\n<p>La ora asta, Bucure\u0219tiul arat\u0103 ca dracu, uita\u021bi-v\u0103 la tot ce \u00eenseamn\u0103 por\u021biunea administrat\u0103 de Prim\u0103ria Capitalei, sunt vai de capul lor. Bucure\u0219tenii urca\u021bi pe garduri dac\u0103 nu au ap\u0103 cald \u0219i nu au avut c\u0103ldur\u0103 toat\u0103 iarna mul\u021bi dintre ei<\/p>\n<p>Sigur c\u0103 sim\u021bim m\u00e2na Fran\u021bei \u00een spatele lui Nicu\u0219or Dan, dar chiar a\u0219a de pro\u0219ti suntem, m\u0103?<\/p>\n<p>Cum s-a viralizat Nicu\u0219or Dan \u0103sta a\u0219a pe TikTok? Aaaaa, cu b\u0103nu\u021bul greu? Nu de aia l-au scos \u0219i pe C\u0103lin Georgescu din curs\u0103, c\u0103 s-a viralizat cu bani de la ru\u0219i? Ia vede\u021bi \u0219i sursa lui Nicu\u0219or Dan, care e aceast\u0103 surs\u0103?\u201d, a declarat Robert Turcescu.<\/p>","protected":false},"excerpt":{"rendered":"<p>\u201eB\u0103i frate, nu po\u021bi sa deschizi un TikTok f\u0103r\u0103 s\u0103 dai de mutra lui Nicu\u0219or&hellip;<\/p>\n","protected":false},"author":0,"featured_media":41860,"comment_status":"open","ping_status":"open","sticky":false,"template":"","format":"standard","meta":{"footnotes":""},"categories":[2],"tags":[],"class_list":["post-41868","post","type-post","status-publish","format-standard","has-post-thumbnail","hentry","category-actual"],"_links":{"self":[{"href":"https:\/\/247stiri.ro\/index.php\/wp-json\/wp\/v2\/posts\/41868","targetHints":{"allow":["GET"]}}],"collection":[{"href":"https:\/\/247stiri.ro\/index.php\/wp-json\/wp\/v2\/posts"}],"about":[{"href":"https:\/\/247stiri.ro\/index.php\/wp-json\/wp\/v2\/types\/post"}],"replies":[{"embeddable":true,"href":"https:\/\/247stiri.ro\/index.php\/wp-json\/wp\/v2\/comments?post=41868"}],"version-history":[{"count":0,"href":"https:\/\/247stiri.ro\/index.php\/wp-json\/wp\/v2\/posts\/41868\/revisions"}],"wp:featuredmedia":[{"embeddable":true,"href":"https:\/\/247stiri.ro\/index.php\/wp-json\/wp\/v2\/media\/41860"}],"wp:attachment":[{"href":"https:\/\/247stiri.ro\/index.php\/wp-json\/wp\/v2\/media?parent=41868"}],"wp:term":[{"taxonomy":"category","embeddable":true,"href":"https:\/\/247stiri.ro\/index.php\/wp-json\/wp\/v2\/categories?post=41868"},{"taxonomy":"post_tag","embeddable":true,"href":"https:\/\/247stiri.ro\/index.php\/wp-json\/wp\/v2\/tags?post=41868"}],"curies":[{"name":"wp","href":"https:\/\/api.w.org\/{rel}","templated":true}]}}