{"id":41879,"date":"2025-03-23T17:45:48","date_gmt":"2025-03-23T17:45:48","guid":{"rendered":"https:\/\/247stiri.ro\/index.php\/2025\/03\/23\/mai-multe-partii-din-poiana-brasov-se-inchid-acestea-au-devenit-impracticabile-din-cauza-temperaturilor-ridicate\/"},"modified":"2025-03-23T17:45:48","modified_gmt":"2025-03-23T17:45:48","slug":"mai-multe-partii-din-poiana-brasov-se-inchid-acestea-au-devenit-impracticabile-din-cauza-temperaturilor-ridicate","status":"publish","type":"post","link":"https:\/\/247stiri.ro\/index.php\/2025\/03\/23\/mai-multe-partii-din-poiana-brasov-se-inchid-acestea-au-devenit-impracticabile-din-cauza-temperaturilor-ridicate\/","title":{"rendered":"Mai multe p\u00e2rtii din Poiana Bra\u015fov se \u00eenchid. Acestea au devenit impracticabile din cauza temperaturilor ridicate"},"content":{"rendered":"<p>P\u00e2rtiile din Poiana Bra\u015fov situate \u00een zona inferioar\u0103 a masivului Post\u0103varu se \u00eenchid, \u00eencep\u00e2nd de s\u0103pt\u0103m\u00e2na viitoare. Oficialii Prim\u0103riei municipiului Bra\u015fov anun\u0163\u0103 c\u0103, din cauza cre\u015fterii temperaturilor, acestea au devenit impracticabile, iar de luni cei care practic\u0103 sporturi de iarn\u0103 vor avea la dipozi\u0163ie doar partea superioar\u0103 a domeniului schiabil.<\/p>\n<p>\u201dTemperaturile ridicate din ultimele zile, inclusiv pe parcursul nop\u0163ii trecute, au afectat stratul de z\u0103pad\u0103 de pe domeniul schiabil din masivul Post\u0103varul, astfel c\u0103, \u00eencep\u00e2nd de m\u00e2ine, p\u00e2rtiile din partea inferioar\u0103 a masivului vor fi \u00eenchise, deoarece nu mai asigur\u0103 condi\u0163ii optime \u015fi de siguran\u0163\u0103 pentru schi. Se va putea schia, \u00een continuare, pe cele din partea superioar\u0103 a masivului, cu recomandarea ca la cobor\u00e2rea \u00een Poiana Bra\u015fov schiorii \u015fi snowboarderi s\u0103 utilizeze telegondola, deoarece stratul de z\u0103pad\u0103 de pe p\u00e2rtiile Drumul Ro\u015fu \u015fi Subteleferic, \u00een partea inferioar\u0103, nu mai asigur\u0103 condi\u0163ii pentru a cobor\u00ee \u00een siguran\u0163\u0103\u201d, anun\u0163\u0103, duminic\u0103 dup\u0103 amiaz\u0103, Prim\u0103ria Bra\u015fov.<\/p>\n<p>\u00cencep\u00e2nd de luni, la Poiana Bra\u015fov mai sunt deschise, \u00een partea superioar\u0103, p\u00e2rtiile Lupului \u015fi Drumul Ro\u015fu, cu ie\u015fire spre telescaunul Ruia, precum \u015fi pe p\u00e2rtiile Ruia \u015fi Doamnei, cu ie\u015fire \u00een Drumul Ro\u015fu, apoi c\u0103tre telescaunul Ruia. Sunt \u00een continuare practicabile p\u00e2rtiile pentru \u00eencep\u0103tori Bradul \u015fi Stadion.<\/p>\n<p><a href=\"https:\/\/www.realitatea.net\/stiri\/actual\/persoanele-care-sufera-de-depresie-beneficiaza-de-mai-multe-zile-libere-cine-poate-beneficia-de-concediu-medical_67e03f4fb7758575f8251992\" target=\"_blank\">Persoanele care sufer\u0103 de depresie beneficiaz\u0103 de mai multe zile libere. Cine poate beneficia de concediu medical<\/a><\/p>\n<p>\u00a0<\/p>","protected":false},"excerpt":{"rendered":"<p>P\u00e2rtiile din Poiana Bra\u015fov situate \u00een zona inferioar\u0103 a masivului Post\u0103varu se \u00eenchid, \u00eencep\u00e2nd de&hellip;<\/p>\n","protected":false},"author":0,"featured_media":41880,"comment_status":"open","ping_status":"open","sticky":false,"template":"","format":"standard","meta":{"footnotes":""},"categories":[2],"tags":[],"class_list":["post-41879","post","type-post","status-publish","format-standard","has-post-thumbnail","hentry","category-actual"],"_links":{"self":[{"href":"https:\/\/247stiri.ro\/index.php\/wp-json\/wp\/v2\/posts\/41879","targetHints":{"allow":["GET"]}}],"collection":[{"href":"https:\/\/247stiri.ro\/index.php\/wp-json\/wp\/v2\/posts"}],"about":[{"href":"https:\/\/247stiri.ro\/index.php\/wp-json\/wp\/v2\/types\/post"}],"replies":[{"embeddable":true,"href":"https:\/\/247stiri.ro\/index.php\/wp-json\/wp\/v2\/comments?post=41879"}],"version-history":[{"count":0,"href":"https:\/\/247stiri.ro\/index.php\/wp-json\/wp\/v2\/posts\/41879\/revisions"}],"wp:featuredmedia":[{"embeddable":true,"href":"https:\/\/247stiri.ro\/index.php\/wp-json\/wp\/v2\/media\/41880"}],"wp:attachment":[{"href":"https:\/\/247stiri.ro\/index.php\/wp-json\/wp\/v2\/media?parent=41879"}],"wp:term":[{"taxonomy":"category","embeddable":true,"href":"https:\/\/247stiri.ro\/index.php\/wp-json\/wp\/v2\/categories?post=41879"},{"taxonomy":"post_tag","embeddable":true,"href":"https:\/\/247stiri.ro\/index.php\/wp-json\/wp\/v2\/tags?post=41879"}],"curies":[{"name":"wp","href":"https:\/\/api.w.org\/{rel}","templated":true}]}}