{"id":41881,"date":"2025-03-23T17:45:49","date_gmt":"2025-03-23T17:45:49","guid":{"rendered":"https:\/\/247stiri.ro\/index.php\/2025\/03\/23\/persoanele-care-sufera-de-depresie-beneficiaza-de-mai-multe-zile-libere-cine-poate-beneficia-de-concediu-medical\/"},"modified":"2025-03-23T17:45:49","modified_gmt":"2025-03-23T17:45:49","slug":"persoanele-care-sufera-de-depresie-beneficiaza-de-mai-multe-zile-libere-cine-poate-beneficia-de-concediu-medical","status":"publish","type":"post","link":"https:\/\/247stiri.ro\/index.php\/2025\/03\/23\/persoanele-care-sufera-de-depresie-beneficiaza-de-mai-multe-zile-libere-cine-poate-beneficia-de-concediu-medical\/","title":{"rendered":"Persoanele care sufer\u0103 de depresie beneficiaz\u0103 de mai multe zile libere. Cine poate beneficia de concediu medical"},"content":{"rendered":"<p>Num\u0103rul zilelor de concediu medical acordate angaja\u021bilor din Germania din cauza depresiei au crescut cu circa 50% anul trecut, potrivit datelor unei companii din domeniul asigur\u0103rilor medicale, informeaz\u0103 DPA, conform <a href=\"https:\/\/agerpres.ro\/social-extern\/2025\/03\/23\/numarul-zilelor-de-concediu-medical-din-cauza-depresiei-in-crestere-cu-50-in-randul-angajatilor-germ--1433556\" target=\"_blank\">Agerpres.<\/a>Raportul privind s\u0103n\u0103tatea mintal\u0103 publicat duminic\u0103 de DAK-Gesundheit a precizat c\u0103 au existat 183 de zile de concediu medical din cauza depresiei la fiecare 100 de angaja\u021bi asigura\u021bi de companie \u00een 2024, cu 122 de zile mai mult dec\u00e2t \u00een anul anterior.Num\u0103rul zilelor de concediu medical acordate pentru probleme legate de s\u0103n\u0103tate mintal\u0103 au crescut de la 323 la 342 la 100 de angaja\u021bi, potrivit datelor, cei mai afecta\u021bi fiind angaja\u021bii din domeniu \u00eengrijirii copiilor \u0219i v\u00e2rstnicilor.&#8221;Num\u0103rul ridicat de afec\u021biuni mintale este deseori asociat cu absen\u021be prelungite \u0219i stigmatizarea angaja\u021bilor afecta\u021bi \u0219i ai angajatorilor acestora&#8221;, a spus directorul executiv al DAK, Andreas Storm. &#8222;Nu mai putem \u00eenchide ochii \u00eentruc\u00e2t s\u0103n\u0103tatea mintal\u0103 este un factor-cheie al succesului unei societ\u0103\u021bi reziliente \u0219i al Germaniei ca un loc propice pentru afaceri&#8221;.Andreas Storm a lansat un apel pentru o con\u0219tientizare ridicat\u0103 a cauzelor \u0219i a informa\u021biei lipsit\u0103 de tabuuri pe tema depresiei \u0219i tulbur\u0103rilor de anxietate precum \u0219i a serviciilor de sprijin pentru ameliorarea s\u0103n\u0103t\u0103\u021bii mintale.Toate grupele de v\u00e2rst\u0103 sunt afectate de o cre\u0219tere a inciden\u021bei depresiei. Num\u0103rul persoanelor tinere afectate a crescut gradual timp de mai mul\u021bi ani, \u00een timp ce \u00een anul 2024 s-a \u00eenregistrat o cre\u0219tere accentuat\u0103 \u00een grupele de v\u00e2rst\u0103 mai \u00eenaintat\u0103.Potrivit cifrelor DAK, durata medie a concediului medical din cauza afec\u021biunilor mintale \u00een 2024 a fost sub 33 de zile, cu pu\u021bin mai mult dec\u00e2t nivelul din anul precedent.DAK-Gesundheit este una dintre cele mai mari companii de asigur\u0103ri de s\u0103n\u0103tate din Germania.Raportul a fost realizat pe baza datelor anonimizate a 2,42 milioane de angaja\u021bi asigura\u021bi de DAK, \u00een colaborare cu Institutul din Berlin.<\/p>\n<p><a href=\"https:\/\/www.realitatea.net\/stiri\/actual\/peste-50000-de-palestinieni-ucisi-in-perioada-campaniei-militare-a-israelului-in-gaza-anunta-ministerul-sanatatii_67e03aef03389060db0e2562\" target=\"_blank\">Peste 50.000 de palestinieni uci\u0219i \u00een perioada campaniei militare a Israelului \u00een Gaza, anun\u0163\u0103 Ministerul S\u0103n\u0103t\u0103\u0163ii<\/a><\/p>","protected":false},"excerpt":{"rendered":"<p>Num\u0103rul zilelor de concediu medical acordate angaja\u021bilor din Germania din cauza depresiei au crescut cu&hellip;<\/p>\n","protected":false},"author":0,"featured_media":41872,"comment_status":"open","ping_status":"open","sticky":false,"template":"","format":"standard","meta":{"footnotes":""},"categories":[2],"tags":[],"class_list":["post-41881","post","type-post","status-publish","format-standard","has-post-thumbnail","hentry","category-actual"],"_links":{"self":[{"href":"https:\/\/247stiri.ro\/index.php\/wp-json\/wp\/v2\/posts\/41881","targetHints":{"allow":["GET"]}}],"collection":[{"href":"https:\/\/247stiri.ro\/index.php\/wp-json\/wp\/v2\/posts"}],"about":[{"href":"https:\/\/247stiri.ro\/index.php\/wp-json\/wp\/v2\/types\/post"}],"replies":[{"embeddable":true,"href":"https:\/\/247stiri.ro\/index.php\/wp-json\/wp\/v2\/comments?post=41881"}],"version-history":[{"count":0,"href":"https:\/\/247stiri.ro\/index.php\/wp-json\/wp\/v2\/posts\/41881\/revisions"}],"wp:featuredmedia":[{"embeddable":true,"href":"https:\/\/247stiri.ro\/index.php\/wp-json\/wp\/v2\/media\/41872"}],"wp:attachment":[{"href":"https:\/\/247stiri.ro\/index.php\/wp-json\/wp\/v2\/media?parent=41881"}],"wp:term":[{"taxonomy":"category","embeddable":true,"href":"https:\/\/247stiri.ro\/index.php\/wp-json\/wp\/v2\/categories?post=41881"},{"taxonomy":"post_tag","embeddable":true,"href":"https:\/\/247stiri.ro\/index.php\/wp-json\/wp\/v2\/tags?post=41881"}],"curies":[{"name":"wp","href":"https:\/\/api.w.org\/{rel}","templated":true}]}}