{"id":41897,"date":"2025-03-23T18:45:07","date_gmt":"2025-03-23T18:45:07","guid":{"rendered":"https:\/\/247stiri.ro\/index.php\/2025\/03\/23\/liderii-europeni-incep-sa-fie-de-acord-cu-politicile-lui-jd-vance-cum-se-schimba-directia-uniunii-europene\/"},"modified":"2025-03-23T18:45:07","modified_gmt":"2025-03-23T18:45:07","slug":"liderii-europeni-incep-sa-fie-de-acord-cu-politicile-lui-jd-vance-cum-se-schimba-directia-uniunii-europene","status":"publish","type":"post","link":"https:\/\/247stiri.ro\/index.php\/2025\/03\/23\/liderii-europeni-incep-sa-fie-de-acord-cu-politicile-lui-jd-vance-cum-se-schimba-directia-uniunii-europene\/","title":{"rendered":"Liderii europeni \u00eencep s\u0103 fie de acord cu politicile lui JD Vance. Cum se schimb\u0103 direc\u021bia Uniunii Europene"},"content":{"rendered":"<p>Liderii conservatori din \u00eentreaga Uniune, din Austria \u0219i Ungaria, p\u00e2n\u0103 \u00een Germania \u0219i Olanda, au fost de acord cu punctele de vedere asupra migra\u021biei.<\/p>\n<p>Totodat\u0103, cancelarul Olaf Scholz \u0219i premierul spaniol Pedro Sanchez nu au fost de acord c\u00e2nd s-a abordat aceast\u0103 problem\u0103 \u0219i au argumentat c\u0103 politicile dure de limitare a str\u0103inilor sunt contra principiilor Uniunii Europene.<\/p>","protected":false},"excerpt":{"rendered":"<p>Liderii conservatori din \u00eentreaga Uniune, din Austria \u0219i Ungaria, p\u00e2n\u0103 \u00een Germania \u0219i Olanda, au&hellip;<\/p>\n","protected":false},"author":0,"featured_media":41888,"comment_status":"open","ping_status":"open","sticky":false,"template":"","format":"standard","meta":{"footnotes":""},"categories":[2],"tags":[],"class_list":["post-41897","post","type-post","status-publish","format-standard","has-post-thumbnail","hentry","category-actual"],"_links":{"self":[{"href":"https:\/\/247stiri.ro\/index.php\/wp-json\/wp\/v2\/posts\/41897","targetHints":{"allow":["GET"]}}],"collection":[{"href":"https:\/\/247stiri.ro\/index.php\/wp-json\/wp\/v2\/posts"}],"about":[{"href":"https:\/\/247stiri.ro\/index.php\/wp-json\/wp\/v2\/types\/post"}],"replies":[{"embeddable":true,"href":"https:\/\/247stiri.ro\/index.php\/wp-json\/wp\/v2\/comments?post=41897"}],"version-history":[{"count":0,"href":"https:\/\/247stiri.ro\/index.php\/wp-json\/wp\/v2\/posts\/41897\/revisions"}],"wp:featuredmedia":[{"embeddable":true,"href":"https:\/\/247stiri.ro\/index.php\/wp-json\/wp\/v2\/media\/41888"}],"wp:attachment":[{"href":"https:\/\/247stiri.ro\/index.php\/wp-json\/wp\/v2\/media?parent=41897"}],"wp:term":[{"taxonomy":"category","embeddable":true,"href":"https:\/\/247stiri.ro\/index.php\/wp-json\/wp\/v2\/categories?post=41897"},{"taxonomy":"post_tag","embeddable":true,"href":"https:\/\/247stiri.ro\/index.php\/wp-json\/wp\/v2\/tags?post=41897"}],"curies":[{"name":"wp","href":"https:\/\/api.w.org\/{rel}","templated":true}]}}