{"id":41901,"date":"2025-03-23T18:45:09","date_gmt":"2025-03-23T18:45:09","guid":{"rendered":"https:\/\/247stiri.ro\/index.php\/2025\/03\/23\/marcel-bolos-cere-comisiei-europene-suplimentarea-cu-aproximativ-50-milioane-euro-pentru-persoanele-vulnerabile-si-tineri-si-alocarea-a-aproximativ-150-milioane-euro-pentru-stimularea-competitivitati\/"},"modified":"2025-03-23T18:45:09","modified_gmt":"2025-03-23T18:45:09","slug":"marcel-bolos-cere-comisiei-europene-suplimentarea-cu-aproximativ-50-milioane-euro-pentru-persoanele-vulnerabile-si-tineri-si-alocarea-a-aproximativ-150-milioane-euro-pentru-stimularea-competitivitati","status":"publish","type":"post","link":"https:\/\/247stiri.ro\/index.php\/2025\/03\/23\/marcel-bolos-cere-comisiei-europene-suplimentarea-cu-aproximativ-50-milioane-euro-pentru-persoanele-vulnerabile-si-tineri-si-alocarea-a-aproximativ-150-milioane-euro-pentru-stimularea-competitivitati\/","title":{"rendered":"Marcel Bolo\u015f cere Comisiei Europene suplimentarea cu aproximativ 50 milioane euro, pentru persoanele vulnerabile \u015fi tineri \u0219i alocarea a aproximativ 150 milioane euro pentru stimularea competitivit\u0103\u0163ii economiei rom\u00e2ne\u015fti"},"content":{"rendered":"<p>Ministrul arat\u0103 c\u0103 va propune Comisiei Europene suplimentarea cu aproximativ 50 milioane euro, prin cele opt programe regionale, pentru a sus\u0163ine persoanele vulnerabile \u015fi tinerii afla\u0163i la \u00eenceput de drum dar \u015fi alocarea a aproximativ 150 milioane euro pentru stimularea competitivit\u0103\u0163ii economiei rom\u00e2ne\u015fti prin investi\u0163ii \u00een tehnologii critice \u015fi sprijinirea industriei na\u0163ionale \u00een contextul noilor tendin\u0163e europene.<\/p>\n<p>\u201d\u00cen timp ce aten\u0163ia public\u0103 este \u00eendreptat\u0103 \u00een mare parte c\u0103tre implementarea Planului Na\u0163ional de Redresare \u015fi Rezilien\u0163\u0103 (PNRR), este important s\u0103 subliniem c\u0103 adev\u0103rata for\u0163\u0103 a investi\u0163iilor strategice vine \u00een acest moment din Politica de Coeziune, care sus\u0163ine dezvoltarea echilibrat\u0103 \u015fi durabil\u0103 \u00een toate regiunile \u0163\u0103rii. Vorbim de 45 miliarde euro disponibile prin cele 16 programe, din care aproximativ 30 miliarde euro sunt fonduri europene nerambursabile \u201d, anun\u0163\u0103 inistrul Investi\u0163iilor \u015fi Proiectelor Europene, \u00eentr-o postare.<\/p>\n<p>El men\u0163ioneaz\u0103 c\u0103 \u00een prezent, a lansat apeluri de proiecte \u00een propor\u0163ie de 75% \u015fi avem deja contractate 66% din fondurile disponibile. \u201dContinu\u0103m eforturile pentru lansarea apelurilor aferente celor 10 miliarde euro r\u0103mase\u201d, subliniaz\u0103 ministrul.\u00a0<\/p>\n<p>Marcel Bolo\u015f arat\u0103 c\u0103 \u00een aceste zile, echipele tehnice \u015fi Autorit\u0103\u0163ile de Management se preg\u0103tesc intens pentru reuniunea anual\u0103 cu reprezentan\u0163ii Comisiei Europene \u015fi beneficiarii programelor opera\u0163ionale, eveniment-cheie pentru gestionarea eficient\u0103 a fondurilor europene.<\/p>\n<p>\u201d\u00cen paralel, evaluarea intermediar\u0103 ne ofer\u0103 oportunitatea de a reprograma strategic fondurile disponibile, pentru a r\u0103spunde mai bine nevoilor \u015fi priorit\u0103\u0163ilor actuale ale Rom\u00e2niei. Astfel, vom propune Comisiei Europene suplimentarea cu aproximativ 50 milioane euro, prin cele opt programe regionale, pentru a sus\u0163ine persoanele vulnerabile \u015fi tinerii afla\u0163i la \u00eenceput de drum. De asemenea, vom propune alocarea a aproximativ 150 milioane euro pentru stimularea competitivit\u0103\u0163ii economiei rom\u00e2ne\u015fti prin investi\u0163ii \u00een tehnologii critice \u015fi sprijinirea industriei na\u0163ionale \u00een contextul noilor tendin\u0163e europene\u201d, anun\u0163\u0103 ministrul Investi\u0163iilor.<\/p>\n<p>El precizeaz\u0103 c\u0103 \u00een aceast\u0103 s\u0103pt\u0103m\u00e2n\u0103 se va deplasa personal la Bruxelles, \u00eempreun\u0103 cu echipa tehnic\u0103, pentru a explica reprezentan\u0163ilor Comisiei Europene de ce este nevoie s\u0103 avem un program de sprijin dedicat industriei de prelucrare \u015fi investi\u0163iilor inovatoare \u00een tehnologii avansate.<\/p>\n<p>\u201dVom aborda, de asemenea, necesitatea dezvolt\u0103rii capacit\u0103\u0163ilor de produc\u0163ie \u00een industrii strategice precum ap\u0103rarea, chimia \u015fi siderurgia. \u00cen acela\u015fi context, vom propune lansarea unui proiect european major \u00een domeniul cercet\u0103rii-dezvolt\u0103rii \u015fi biotehnologiilor, care s\u0103 implice principalii actori din cercetare \u015fi mari companii, asigur\u00e2nd transferul tehnologic eficient c\u0103tre economia real\u0103.\u00cenchidem s\u0103pt\u0103m\u00e2na cu aceste demersuri esen\u0163iale, desf\u0103\u015furate \u00een paralel cu eforturile pentru renegocierea PNRR, un efort comun major pe care \u00eel asum\u0103m pentru dezvoltarea economiei \u015fi prosperitatea cet\u0103\u0163enilor Rom\u00e2niei\u201d, mai spune Marcel Bolo\u015f.<\/p>","protected":false},"excerpt":{"rendered":"<p>Ministrul arat\u0103 c\u0103 va propune Comisiei Europene suplimentarea cu aproximativ 50 milioane euro, prin cele&hellip;<\/p>\n","protected":false},"author":0,"featured_media":41891,"comment_status":"open","ping_status":"open","sticky":false,"template":"","format":"standard","meta":{"footnotes":""},"categories":[2],"tags":[],"class_list":["post-41901","post","type-post","status-publish","format-standard","has-post-thumbnail","hentry","category-actual"],"_links":{"self":[{"href":"https:\/\/247stiri.ro\/index.php\/wp-json\/wp\/v2\/posts\/41901","targetHints":{"allow":["GET"]}}],"collection":[{"href":"https:\/\/247stiri.ro\/index.php\/wp-json\/wp\/v2\/posts"}],"about":[{"href":"https:\/\/247stiri.ro\/index.php\/wp-json\/wp\/v2\/types\/post"}],"replies":[{"embeddable":true,"href":"https:\/\/247stiri.ro\/index.php\/wp-json\/wp\/v2\/comments?post=41901"}],"version-history":[{"count":0,"href":"https:\/\/247stiri.ro\/index.php\/wp-json\/wp\/v2\/posts\/41901\/revisions"}],"wp:featuredmedia":[{"embeddable":true,"href":"https:\/\/247stiri.ro\/index.php\/wp-json\/wp\/v2\/media\/41891"}],"wp:attachment":[{"href":"https:\/\/247stiri.ro\/index.php\/wp-json\/wp\/v2\/media?parent=41901"}],"wp:term":[{"taxonomy":"category","embeddable":true,"href":"https:\/\/247stiri.ro\/index.php\/wp-json\/wp\/v2\/categories?post=41901"},{"taxonomy":"post_tag","embeddable":true,"href":"https:\/\/247stiri.ro\/index.php\/wp-json\/wp\/v2\/tags?post=41901"}],"curies":[{"name":"wp","href":"https:\/\/api.w.org\/{rel}","templated":true}]}}