{"id":41903,"date":"2025-03-23T18:45:10","date_gmt":"2025-03-23T18:45:10","guid":{"rendered":"https:\/\/247stiri.ro\/index.php\/2025\/03\/23\/nicusor-dan-si-ilie-bolojan-aceeasi-schema-ca-a-lui-traian-basescu-se-incearca-destabilizarea-tarii-sub-lupa-globalistilor\/"},"modified":"2025-03-23T18:45:10","modified_gmt":"2025-03-23T18:45:10","slug":"nicusor-dan-si-ilie-bolojan-aceeasi-schema-ca-a-lui-traian-basescu-se-incearca-destabilizarea-tarii-sub-lupa-globalistilor","status":"publish","type":"post","link":"https:\/\/247stiri.ro\/index.php\/2025\/03\/23\/nicusor-dan-si-ilie-bolojan-aceeasi-schema-ca-a-lui-traian-basescu-se-incearca-destabilizarea-tarii-sub-lupa-globalistilor\/","title":{"rendered":"Nicu\u0219or Dan \u0219i Ilie Bolojan, aceea\u0219i schem\u0103 ca a lui Traian B\u0103sescu. Se \u00eencearc\u0103 destabilizarea \u021b\u0103rii sub lupa globali\u0219tilor"},"content":{"rendered":"<p>Se \u00eencearc\u0103 destabilizarea Rom\u00e2niei din temelii! \u00cen timp ce Dacian Ciolo\u0219 va avea responsabilitatea de a se implica \u00een activit\u0103\u021bile de coordonare \u0219i monitorizare \u00een parteneriatele strategice ale Rom\u00e2niei, Nicu\u0219or Dan \u00eel laud\u0103 pe fostul premier \u0219i spune c\u0103 are o \u201eanumit\u0103 simpatie\u201d fa\u021b\u0103 de acesta, dar se vede \u0219i pe furi\u0219 cu pre\u0219edintele interimar.<\/p>\n<p>Nicu\u0219or Dan \u0219i Ilie Bolojan pare c\u0103 se preg\u0103tesc s\u0103 manipuleze democra\u021bia pentru a de\u021bine puterea \u00een urm\u0103torii ani. Tandemul Nicu\u0219or Dan pre\u0219edinte \u0219i Ilie Bolojan premier se contureaz\u0103 pe zi ce trece. Elena Lasconi este \u0219i ea un pion \u00een schema care vrea s\u0103 \u00eengenuncheze \u021bara. Primarul Capitalei i-ar fi cerut s\u0103 se retrag\u0103 din cursa electoral\u0103, \u00eens\u0103 aceasta ar fi refuzat.<\/p>\n<p>Caracati\u021ba globalist\u0103 se \u00eentinde, totu\u0219i, p\u00e2n\u0103 la Florian Coldea sau Codru\u021ba Kovesi, oameni cheie care au fost decora\u021bi de Ambasada Fran\u021bei. Generalul Coldea a primit \u00een 2015 \u00eensemnele de cavaler al ordinului na\u021bional al meritului, pe c\u00e2nd era la v\u00e2rful conducerii Serviciului Rom\u00e2n de Informa\u021bii. Kovesi a primit o distinc\u021bie oferit\u0103 de acela\u0219i ambasador francez la Bucure\u0219ti, Francois Saint-Paul.<\/p>\n<p>\u0218i lidera USR, Elena lasconi, a fost surprins\u0103 \u00eentr-o vizit\u0103 neanun\u021bat\u0103 la ambasada Fran\u021bei \u00een septembrie 2024.<\/p>\n<p>\u00cen timp ce Ilie Bolojan se comport\u0103 de parc\u0103 este pre\u0219edintele \u021b\u0103rii \u00een adev\u0103ratul sens \u0219i merge \u00een vizite la Chi\u0219in\u0103u sau particip\u0103 la summit-uri \u00een Fran\u021ba, Rom\u00e2nia r\u0103m\u00e2ne \u00een continuare destabilizat\u0103 politic.<\/p>\n<p>O lume \u00eentreag\u0103 acuz\u0103 Fran\u021ba c\u0103 se implic\u0103 \u00een alegerile din Rom\u00e2nia \u0219i \u00een scena politic\u0103 din \u021bar\u0103, printre care \u0219i avocata BEC, Ingrid Mocanu.<\/p>","protected":false},"excerpt":{"rendered":"<p>Se \u00eencearc\u0103 destabilizarea Rom\u00e2niei din temelii! \u00cen timp ce Dacian Ciolo\u0219 va avea responsabilitatea de&hellip;<\/p>\n","protected":false},"author":0,"featured_media":41895,"comment_status":"open","ping_status":"open","sticky":false,"template":"","format":"standard","meta":{"footnotes":""},"categories":[2],"tags":[],"class_list":["post-41903","post","type-post","status-publish","format-standard","has-post-thumbnail","hentry","category-actual"],"_links":{"self":[{"href":"https:\/\/247stiri.ro\/index.php\/wp-json\/wp\/v2\/posts\/41903","targetHints":{"allow":["GET"]}}],"collection":[{"href":"https:\/\/247stiri.ro\/index.php\/wp-json\/wp\/v2\/posts"}],"about":[{"href":"https:\/\/247stiri.ro\/index.php\/wp-json\/wp\/v2\/types\/post"}],"replies":[{"embeddable":true,"href":"https:\/\/247stiri.ro\/index.php\/wp-json\/wp\/v2\/comments?post=41903"}],"version-history":[{"count":0,"href":"https:\/\/247stiri.ro\/index.php\/wp-json\/wp\/v2\/posts\/41903\/revisions"}],"wp:featuredmedia":[{"embeddable":true,"href":"https:\/\/247stiri.ro\/index.php\/wp-json\/wp\/v2\/media\/41895"}],"wp:attachment":[{"href":"https:\/\/247stiri.ro\/index.php\/wp-json\/wp\/v2\/media?parent=41903"}],"wp:term":[{"taxonomy":"category","embeddable":true,"href":"https:\/\/247stiri.ro\/index.php\/wp-json\/wp\/v2\/categories?post=41903"},{"taxonomy":"post_tag","embeddable":true,"href":"https:\/\/247stiri.ro\/index.php\/wp-json\/wp\/v2\/tags?post=41903"}],"curies":[{"name":"wp","href":"https:\/\/api.w.org\/{rel}","templated":true}]}}