{"id":41910,"date":"2025-03-23T19:45:18","date_gmt":"2025-03-23T19:45:18","guid":{"rendered":"https:\/\/247stiri.ro\/index.php\/2025\/03\/23\/cine-este-de-fapt-adrian-thiess-consilierul-cheie-in-campaniile-fostilor-presedinti-fostul-elev-al-lui-iohannis-cum-s-a-agatat-de-campania-lui-georgescu\/"},"modified":"2025-03-23T19:45:18","modified_gmt":"2025-03-23T19:45:18","slug":"cine-este-de-fapt-adrian-thiess-consilierul-cheie-in-campaniile-fostilor-presedinti-fostul-elev-al-lui-iohannis-cum-s-a-agatat-de-campania-lui-georgescu","status":"publish","type":"post","link":"https:\/\/247stiri.ro\/index.php\/2025\/03\/23\/cine-este-de-fapt-adrian-thiess-consilierul-cheie-in-campaniile-fostilor-presedinti-fostul-elev-al-lui-iohannis-cum-s-a-agatat-de-campania-lui-georgescu\/","title":{"rendered":"Cine este, de fapt, Adrian Thiess. Consilierul-cheie \u00een campaniile fo\u0219tilor pre\u0219edin\u021bi, fostul elev al lui Iohannis. Cum s-a ag\u0103\u021bat de campania lui Georgescu"},"content":{"rendered":"<p>\u201cAm ajuns s\u0103 citesc \u0219i s\u0103 v\u0103d cele mai mari abera\u021bii posibile, asta \u00een 2024, ca sunt filorus pentru ca l-am adus pe Gorbaciov \u00een Rom\u00e2nia. (&#8230;) C\u0103lin Georgescu este un amic bun de mul\u021bi ani. \u0218i \u00eel sus\u021bin pentru c\u0103 este un patriot care \u00ee\u0219i iube\u0219te \u021bara necondi\u021bionat\u201d, sus\u021binea Adrian Thiess \u00eentr-un interviu.<\/p>\n<p>Potrivit presei, este \u00eens\u0103 neclar dac\u0103 Adrian Thiess s-ar fi \u00eent\u00e2lnit cu Brad Parscale. Jurnali\u0219tii sus\u021bineau pe surse c\u0103 la \u00eent\u00e2nirea de la Belgrad ar fi urmat s\u0103 participe \u0219i Sebastian Ghi\u021b\u0103. Tot ziari\u0219tii de la g4media sus\u021bineau c\u0103 Adrian Thiess \u0219i Sebastian Ghi\u021b\u0103 ar fi discutat \u00een timpul unei \u00eent\u00e2lniri \u00een Dubai despre sus\u021binerea pentru C\u0103lin Georgescu. Nici acest lucru nu a fost confirmat oficial vreodat\u0103.<\/p>\n<p>Adrian Thiess a fost \u0219i unul dintre consilierii personali ai lui Ion Iliescu. Pe atunci avea 24 de ani. La ani distan\u021b\u0103 de acest moment, el s-a ocupat \u0219i de aducerea fostului pre\u0219edinte al Uniunii Sovietice Mihail Gorbaciov \u00een Rom\u00e2nia, \u00een 2010, care a purtat o discu\u021bie cu Ion Iliescu.<\/p>\n<p>Are cet\u0103\u021benie german\u0103 \u0219i rom\u00e2n\u0103 \u0219i locuie\u0219te at\u00e2t \u00een Baden-Baden, un ora\u0219 din Germania, dar \u0219i \u00een Bucure\u0219ti.<\/p>\n<p>Thiess a organizat de asemena \u0219i aducerea lui Donald Trump Jr la Budapesta \u0219i \u00een Bucure\u0219ti, \u00een luna septembrie 2024.<\/p>\n<p>Dup\u0103 ce i-a coordonat campanie lui Sorin Oprescu, Thiess a venit cu atacuri la adresa lui. A spus c\u0103 edilul suspendat al Capitalei e cea mai mare dezam\u0103gire a sa \u015fi, \u00eentr-un fel, e\u015fecul lui Oprescu \u00een administra\u0163ia local\u0103 l-a determinat s\u0103 candideze.<\/p>\n<p>&#8222;Cred c\u0103 este momentul s\u0103 fac pasul \u00een fa\u0163\u0103, s\u0103 ies din umbr\u0103, unde am sprijinit victoriile altora, \u015fi s\u0103 lupt pentru propria mea victorie.&#8221;<\/p>\n<p>SURSA: epochtimes<\/p>\n<p>De asemenea, Thiess a fost \u0219i consilierul lui Dan Diaconescu, \u00een cadrul PP-DD.<\/p>\n<p>Adrian Thiess nu l-a ratat nici pe fostul pre\u0219edinte Klaus Iohannis, c\u0103ruia i-a fost elev \u00een timpul liceului.<\/p>\n<p>Ca s\u0103-\u0219i arate patriotismul des\u0103v\u00e2r\u0219it, el a cump\u0103rat \u00een 2016 la licita\u021bie drapelul de lupt\u0103 al unei legiuni a lui Avram Iancu.<\/p>\n<p>De\u0219i identitatea cump\u0103r\u0103torului nu a fost dezv\u0103luit\u0103 ini\u021bial, doar c\u00e2teva zile mai t\u00e2rziu s-a aflat faptul c\u0103 drapelul a fost cump\u0103rat de omul de afaceri Adrian Thiess, cu 105.000 de euro. Este vorba despre un steag pictat pe piele, considerat o raritate absolut\u0103, care dateaz\u0103 de la jum\u0103tatea secolului al XIX-lea.<\/p>\n<p>\u201eEste un bun important al rom\u00e2nilor \u0219i nu l-am cump\u0103rat eu pentru mine, ci \u00eempreun\u0103 cu mai mul\u021bi prieteni de-ai mei. (&#8230;) N-am luat o secund\u0103 \u00een considerare s\u0103 cump\u0103r acest bun \u0219i s\u0103 mi-l pun \u00een cas\u0103. (&#8230;)\u201dSURSA: tribuna.ro\u00a0<\/p>","protected":false},"excerpt":{"rendered":"<p>\u201cAm ajuns s\u0103 citesc \u0219i s\u0103 v\u0103d cele mai mari abera\u021bii posibile, asta \u00een 2024,&hellip;<\/p>\n","protected":false},"author":0,"featured_media":41911,"comment_status":"open","ping_status":"open","sticky":false,"template":"","format":"standard","meta":{"footnotes":""},"categories":[3],"tags":[],"class_list":["post-41910","post","type-post","status-publish","format-standard","has-post-thumbnail","hentry","category-politica"],"_links":{"self":[{"href":"https:\/\/247stiri.ro\/index.php\/wp-json\/wp\/v2\/posts\/41910","targetHints":{"allow":["GET"]}}],"collection":[{"href":"https:\/\/247stiri.ro\/index.php\/wp-json\/wp\/v2\/posts"}],"about":[{"href":"https:\/\/247stiri.ro\/index.php\/wp-json\/wp\/v2\/types\/post"}],"replies":[{"embeddable":true,"href":"https:\/\/247stiri.ro\/index.php\/wp-json\/wp\/v2\/comments?post=41910"}],"version-history":[{"count":0,"href":"https:\/\/247stiri.ro\/index.php\/wp-json\/wp\/v2\/posts\/41910\/revisions"}],"wp:featuredmedia":[{"embeddable":true,"href":"https:\/\/247stiri.ro\/index.php\/wp-json\/wp\/v2\/media\/41911"}],"wp:attachment":[{"href":"https:\/\/247stiri.ro\/index.php\/wp-json\/wp\/v2\/media?parent=41910"}],"wp:term":[{"taxonomy":"category","embeddable":true,"href":"https:\/\/247stiri.ro\/index.php\/wp-json\/wp\/v2\/categories?post=41910"},{"taxonomy":"post_tag","embeddable":true,"href":"https:\/\/247stiri.ro\/index.php\/wp-json\/wp\/v2\/tags?post=41910"}],"curies":[{"name":"wp","href":"https:\/\/api.w.org\/{rel}","templated":true}]}}