{"id":41918,"date":"2025-03-23T19:45:21","date_gmt":"2025-03-23T19:45:21","guid":{"rendered":"https:\/\/247stiri.ro\/index.php\/2025\/03\/23\/ce-risca-romania-daca-putin-pune-mana-pe-odesa-titus-corlatean-fost-ministru-de-externe-s-ar-crea-un-precedent-la-nivel-international\/"},"modified":"2025-03-23T19:45:21","modified_gmt":"2025-03-23T19:45:21","slug":"ce-risca-romania-daca-putin-pune-mana-pe-odesa-titus-corlatean-fost-ministru-de-externe-s-ar-crea-un-precedent-la-nivel-international","status":"publish","type":"post","link":"https:\/\/247stiri.ro\/index.php\/2025\/03\/23\/ce-risca-romania-daca-putin-pune-mana-pe-odesa-titus-corlatean-fost-ministru-de-externe-s-ar-crea-un-precedent-la-nivel-international\/","title":{"rendered":"Ce risc\u0103 Rom\u00e2nia dac\u0103 Putin pune m\u00e2na pe Odesa. Titus Corl\u0103\u021bean, fost ministru de Externe: \u201dS-ar crea un precedent la nivel interna\u021bional\u201d"},"content":{"rendered":"<p>\u201eS-a ajuns la un moment \u00een care se poate ajunge la ni\u0219te \u00een\u021belegeri pe care doar cei doi le pot lua<\/p>\n<p>\u00cen clipa in care s-ar putea ajunge la un acord de armisti\u021biu si apoi de pace care s\u0103 consacre preluarea unor teritorii luate prin for\u021b\u0103, atunci s-ar crea un precedent la nivel interna\u021bional care poate afecta integritatea teritorial\u0103 \u0219i viabilitatea frontierelor devenind o poveste.<\/p>\n<p>Ce ar \u00eensemna cedarea unor teritorii cum sunt porturile de la Marea Neagr\u0103? A\u021bi zis de Odesa, consecin\u021bele nu sunt doar legate de Ucraina, g\u00e2ndi\u021bi-v\u0103 ce \u00eenseamn\u0103 apropierea de Transnistria \u0219i Republica Moldova, gurile Dun\u0103rii \u0219i de zona economic\u0103 a Rom\u00e2niei unde noi s\u0103p\u0103m \u0219i facem resurse ale unor resurse ob\u021binute printr-un proces interna\u021bional \u00eempotriva Ucrainei.\u201d, a declarat Titus Corl\u0103\u021bean \u00een exclusivitate pentru Realitatea PLUS.<\/p>","protected":false},"excerpt":{"rendered":"<p>\u201eS-a ajuns la un moment \u00een care se poate ajunge la ni\u0219te \u00een\u021belegeri pe care&hellip;<\/p>\n","protected":false},"author":0,"featured_media":41909,"comment_status":"open","ping_status":"open","sticky":false,"template":"","format":"standard","meta":{"footnotes":""},"categories":[2],"tags":[],"class_list":["post-41918","post","type-post","status-publish","format-standard","has-post-thumbnail","hentry","category-actual"],"_links":{"self":[{"href":"https:\/\/247stiri.ro\/index.php\/wp-json\/wp\/v2\/posts\/41918","targetHints":{"allow":["GET"]}}],"collection":[{"href":"https:\/\/247stiri.ro\/index.php\/wp-json\/wp\/v2\/posts"}],"about":[{"href":"https:\/\/247stiri.ro\/index.php\/wp-json\/wp\/v2\/types\/post"}],"replies":[{"embeddable":true,"href":"https:\/\/247stiri.ro\/index.php\/wp-json\/wp\/v2\/comments?post=41918"}],"version-history":[{"count":0,"href":"https:\/\/247stiri.ro\/index.php\/wp-json\/wp\/v2\/posts\/41918\/revisions"}],"wp:featuredmedia":[{"embeddable":true,"href":"https:\/\/247stiri.ro\/index.php\/wp-json\/wp\/v2\/media\/41909"}],"wp:attachment":[{"href":"https:\/\/247stiri.ro\/index.php\/wp-json\/wp\/v2\/media?parent=41918"}],"wp:term":[{"taxonomy":"category","embeddable":true,"href":"https:\/\/247stiri.ro\/index.php\/wp-json\/wp\/v2\/categories?post=41918"},{"taxonomy":"post_tag","embeddable":true,"href":"https:\/\/247stiri.ro\/index.php\/wp-json\/wp\/v2\/tags?post=41918"}],"curies":[{"name":"wp","href":"https:\/\/api.w.org\/{rel}","templated":true}]}}