{"id":41919,"date":"2025-03-23T19:45:21","date_gmt":"2025-03-23T19:45:21","guid":{"rendered":"https:\/\/247stiri.ro\/index.php\/2025\/03\/23\/stegarul-dac-a-fost-externat-de-la-spitalul-de-psihiatrie-unde-a-fost-internat-cu-forta-dupa-ce-a-amenintat-ca-se-arunca-de-pe-o-macara\/"},"modified":"2025-03-23T19:45:21","modified_gmt":"2025-03-23T19:45:21","slug":"stegarul-dac-a-fost-externat-de-la-spitalul-de-psihiatrie-unde-a-fost-internat-cu-forta-dupa-ce-a-amenintat-ca-se-arunca-de-pe-o-macara","status":"publish","type":"post","link":"https:\/\/247stiri.ro\/index.php\/2025\/03\/23\/stegarul-dac-a-fost-externat-de-la-spitalul-de-psihiatrie-unde-a-fost-internat-cu-forta-dupa-ce-a-amenintat-ca-se-arunca-de-pe-o-macara\/","title":{"rendered":"Stegarul Dac a fost externat de la Spitalul de Psihiatrie, unde a fost internat cu for\u021ba dup\u0103 ce a amenin\u021bat c\u0103 se arunc\u0103 de pe o macara"},"content":{"rendered":"<p>Poli\u0163i\u015fti din cadrul Direc\u0163iei Generale de Poli\u0163ie a Municipiului Bucure\u015fti- Sec\u0163ia 21 Poli\u0163ie au fost sesiza\u0163i, s\u00e2mb\u0103t\u0103, prin apel 112, cu privire la faptul c\u0103, \u00een jurul orei 14.20, \u201eStegarul Dac\u201d s-a urcat pe o macara, pun\u00e2ndu-\u015fi astfel via\u0163a \u00een pericol.<\/p>\n<p>La fa\u0163a locului s-au deplasat poli\u0163i\u015fti din cadrul subunit\u0103\u0163ii, care au constatat c\u0103 este vorba de Cezar Avr\u0103mu\u0163\u0103, b\u0103rbatul \u00een v\u00e2rst\u0103 de 58 de ani, cunoscut ca \u201eStegarul Dac\u201d.<\/p>\n<p>De asemenea, echipele de negociatori, din cadrul Serviciului pentru Ac\u0163iuni Speciale, sosite la adres\u0103 au rela\u0163ionat cu b\u0103rbatul.<\/p>\n<p>\u00cen sprijin s-au deplasat \u015fi echipaje din cadrul Inspectoratului pentru Situa\u0163ii de Urgen\u0163\u0103 Bucure\u015fti-Ilfov, echipaje de jandarmi, dar \u015fi echipaje de prim-ajutor.<\/p>\n<p>\u00cen cele din urm\u0103, dup\u0103 mai bine de 7 ore, b\u0103rbatul a cobor\u00e2t de pe macara, \u00een jurul orei 21.20.<\/p>\n<p>A fost externat dup\u0103 ce fusese internat cu for\u021ba<\/p>\n<p>\u201eAv\u00e2nd \u00een vedere comportamentul b\u0103rbatului, \u00een toate situa\u0163iile \u00een care acesta s-a urcat pe diferite cl\u0103diri sau schele, la mare \u00een\u0103l\u0163ime, respectiv faptul c\u0103 acesta a amenin\u0163at, \u00een repetate r\u00e2nduri for\u0163ele de ordine \u015fi a afirmat c\u0103 dac\u0103 \u00eencearc\u0103 cineva s\u0103-l coboare, se va arunca \u00een gol, acesta a fost transportat la o unitate spitaliceasc\u0103 \u00een vederea acord\u0103rii \u00eengrijirilor medicale de specialitate, unde a r\u0103mas internat peste noapte, iar \u00een urma deciziei medicale luate de personalul medical al spitalului, \u00een cursul zilei de ast\u0103zi, acesta a fost externat\u201d, transmite, duminic\u0103, Poli\u0163ia Capitalei.<\/p>\n<p>De asemenea, av\u00e2nd \u00een vedere multiplele situa\u0163ii \u00een care b\u0103rbatul \u00een cauz\u0103 a urcat at\u00e2t pe cladiri, c\u00e2t \u015fi pe diferite schele cu \u00een\u0103l\u0163ime mare, poli\u0163i\u015ftii Capitalei, din cadrul Sectorului 1 \u2013 Sec\u0163ia 1 Poli\u0163ie s-au sesizat din oficiu cu privire la s\u0103v\u00e2r\u015firea infrac\u0163iunii de tulburarea ordinii \u015fi lini\u015ftii publice. Astfel, lu\u00e2nd \u00een considerare faptul c\u0103 b\u0103rbatul pune \u00een pericol at\u00e2t siguran\u0163a sa, c\u00e2t \u015fi a celorlalte persoane care se afl\u0103 \u00een proximitatea zonelor, a fost dispus\u0103 o ordonan\u0163\u0103, \u00een vederea evalu\u0103rii acestuia din punct de vedere psihologic, aceast\u0103 activitate urm\u00e2nd a fi efectuat\u0103, ulterior, de c\u0103tre unitatea spitaliceasc\u0103.<\/p>\n<p><a href=\"https:\/\/www.realitatea.net\/stiri\/actual\/de-cat-somn-avem-nevoie-pentru-un-stil-de-viata-sanatos-ce-spun-studiile_67e04df485545c17f467f612\" target=\"_blank\">De c\u00e2t somn avem nevoie pentru un stil de via\u021b\u0103 s\u0103n\u0103tos? Ce spun studiile<\/a><\/p>","protected":false},"excerpt":{"rendered":"<p>Poli\u0163i\u015fti din cadrul Direc\u0163iei Generale de Poli\u0163ie a Municipiului Bucure\u015fti- Sec\u0163ia 21 Poli\u0163ie au fost&hellip;<\/p>\n","protected":false},"author":0,"featured_media":41920,"comment_status":"open","ping_status":"open","sticky":false,"template":"","format":"standard","meta":{"footnotes":""},"categories":[2],"tags":[],"class_list":["post-41919","post","type-post","status-publish","format-standard","has-post-thumbnail","hentry","category-actual"],"_links":{"self":[{"href":"https:\/\/247stiri.ro\/index.php\/wp-json\/wp\/v2\/posts\/41919","targetHints":{"allow":["GET"]}}],"collection":[{"href":"https:\/\/247stiri.ro\/index.php\/wp-json\/wp\/v2\/posts"}],"about":[{"href":"https:\/\/247stiri.ro\/index.php\/wp-json\/wp\/v2\/types\/post"}],"replies":[{"embeddable":true,"href":"https:\/\/247stiri.ro\/index.php\/wp-json\/wp\/v2\/comments?post=41919"}],"version-history":[{"count":0,"href":"https:\/\/247stiri.ro\/index.php\/wp-json\/wp\/v2\/posts\/41919\/revisions"}],"wp:featuredmedia":[{"embeddable":true,"href":"https:\/\/247stiri.ro\/index.php\/wp-json\/wp\/v2\/media\/41920"}],"wp:attachment":[{"href":"https:\/\/247stiri.ro\/index.php\/wp-json\/wp\/v2\/media?parent=41919"}],"wp:term":[{"taxonomy":"category","embeddable":true,"href":"https:\/\/247stiri.ro\/index.php\/wp-json\/wp\/v2\/categories?post=41919"},{"taxonomy":"post_tag","embeddable":true,"href":"https:\/\/247stiri.ro\/index.php\/wp-json\/wp\/v2\/tags?post=41919"}],"curies":[{"name":"wp","href":"https:\/\/api.w.org\/{rel}","templated":true}]}}