{"id":41929,"date":"2025-03-23T20:45:43","date_gmt":"2025-03-23T20:45:43","guid":{"rendered":"https:\/\/247stiri.ro\/index.php\/2025\/03\/23\/minivacanta-de-primavara-2025-romanii-au-parte-de-8-zile-libere-in-aprilie-si-mai\/"},"modified":"2025-03-23T20:45:43","modified_gmt":"2025-03-23T20:45:43","slug":"minivacanta-de-primavara-2025-romanii-au-parte-de-8-zile-libere-in-aprilie-si-mai","status":"publish","type":"post","link":"https:\/\/247stiri.ro\/index.php\/2025\/03\/23\/minivacanta-de-primavara-2025-romanii-au-parte-de-8-zile-libere-in-aprilie-si-mai\/","title":{"rendered":"Minivacan\u021ba de prim\u0103var\u0103 2025. Rom\u00e2nii au parte de 8 zile libere \u00een aprilie \u0219i mai"},"content":{"rendered":"<p>Minivacan\u021ba de prim\u0103var\u0103 2025 vine cu 8 zile libere \u00een lunile aprilie \u0219i mai. Anul acesta, Pa\u0219tele ortodox \u0219i cel catolic pic\u0103 \u00een aceea\u0219i zi: duminic\u0103, 20 aprilie. Iat\u0103 ce zile vor fi libere.<\/p>\n<p>Urmeaz\u0103 zile libere pentru angaja\u021bii din Rom\u00e2nia. \u00cen acest an, rom\u00e2nii se vor putea bucura de Pa\u0219te de patru zile libere, \u00eencep\u00e2nd de pe 18 aprilie (Vinerea Mare) \u0219i p\u00e2n\u0103 luni, 21 aprilie, a doua zi de Pa\u0219te.Av\u00e2nd \u00een vedere c\u0103 Ziua Muncii (1 Mai) pic\u0103 \u00eentr-o zi de joi, Guvernul a decis ca ziua de vineri, 2 mai, s\u0103 fie liber\u0103 pentru salaria\u0163ii din sectorul public. \u00cen acest sens, rom\u00e2nii se pot bucura \u00een voie de \u00eenc\u0103 patru zile libere, lu\u00e2nd \u00een calcul \u0219i zilele de 3 \u0219i 4 mai, care pic\u0103 s\u00e2mb\u0103ta \u0219i duminica<\/p>\n<p>Calendarul zilelor libere 2025 \u0219i c\u00e2nd este vacan\u021ba de Pa\u0219te 2025 pentru copii \u00a0Zile libere 2025:\u00a0 1 iunie (duminic\u0103) \u2013 Ziua Copilului\u00a0 8 \u2013 9 iunie (duminic\u0103 \u0219i luni) \u2013 Rusalii 15 august (vineri) \u2013 Adormirea Maicii Domnului\u00a0 30 noiembrie (duminic\u0103) \u2013 Sf\u00e2ntul Andrei\u00a0 1 decembrie (luni) \u2013 Ziua Na\u021bional\u0103 a Rom\u00e2niei\u00a0 25 \u0219i 26 decembrie (joi \u0219i vineri) \u2013 Cr\u0103ciunul Vacan\u021ba de Pa\u0219te a elevilor este programat\u0103 pentru perioada 18 \u2013 27 aprilie. Elevii vor reveni \u00een b\u0103nci la data de 28 aprilie. Urm\u0103torul modul \u0219colar se \u00eentinde p\u00e2n\u0103 pe 20 iunie, dat\u0103 dup\u0103 care elevii vor intra \u00een vacan\u0163a de var\u0103.<\/p>","protected":false},"excerpt":{"rendered":"<p>Minivacan\u021ba de prim\u0103var\u0103 2025 vine cu 8 zile libere \u00een lunile aprilie \u0219i mai. Anul&hellip;<\/p>\n","protected":false},"author":0,"featured_media":41922,"comment_status":"open","ping_status":"open","sticky":false,"template":"","format":"standard","meta":{"footnotes":""},"categories":[2],"tags":[],"class_list":["post-41929","post","type-post","status-publish","format-standard","has-post-thumbnail","hentry","category-actual"],"_links":{"self":[{"href":"https:\/\/247stiri.ro\/index.php\/wp-json\/wp\/v2\/posts\/41929","targetHints":{"allow":["GET"]}}],"collection":[{"href":"https:\/\/247stiri.ro\/index.php\/wp-json\/wp\/v2\/posts"}],"about":[{"href":"https:\/\/247stiri.ro\/index.php\/wp-json\/wp\/v2\/types\/post"}],"replies":[{"embeddable":true,"href":"https:\/\/247stiri.ro\/index.php\/wp-json\/wp\/v2\/comments?post=41929"}],"version-history":[{"count":0,"href":"https:\/\/247stiri.ro\/index.php\/wp-json\/wp\/v2\/posts\/41929\/revisions"}],"wp:featuredmedia":[{"embeddable":true,"href":"https:\/\/247stiri.ro\/index.php\/wp-json\/wp\/v2\/media\/41922"}],"wp:attachment":[{"href":"https:\/\/247stiri.ro\/index.php\/wp-json\/wp\/v2\/media?parent=41929"}],"wp:term":[{"taxonomy":"category","embeddable":true,"href":"https:\/\/247stiri.ro\/index.php\/wp-json\/wp\/v2\/categories?post=41929"},{"taxonomy":"post_tag","embeddable":true,"href":"https:\/\/247stiri.ro\/index.php\/wp-json\/wp\/v2\/tags?post=41929"}],"curies":[{"name":"wp","href":"https:\/\/api.w.org\/{rel}","templated":true}]}}