{"id":41943,"date":"2025-03-23T21:47:09","date_gmt":"2025-03-23T21:47:09","guid":{"rendered":"https:\/\/247stiri.ro\/index.php\/2025\/03\/23\/autoritatile-din-turcia-au-cerut-blocarea-a-peste-700-de-conturi-pe-o-retea-de-socializare\/"},"modified":"2025-03-23T21:47:09","modified_gmt":"2025-03-23T21:47:09","slug":"autoritatile-din-turcia-au-cerut-blocarea-a-peste-700-de-conturi-pe-o-retea-de-socializare","status":"publish","type":"post","link":"https:\/\/247stiri.ro\/index.php\/2025\/03\/23\/autoritatile-din-turcia-au-cerut-blocarea-a-peste-700-de-conturi-pe-o-retea-de-socializare\/","title":{"rendered":"Autorit\u0103\u021bile din Turcia au cerut blocarea a peste 700 de conturi pe o re\u021bea de socializare"},"content":{"rendered":"<p>Echipa de comuniacre a re\u021belei de socializare a publicat, duminic\u0103, seara, urm\u0103torul mesaj:<\/p>\n<p>&#8222;Ne opunem multiplelor decizii ale Autorit\u0103\u021bii turce pentru tehnologia informa\u021biei \u0219i comunic\u0103rii care solicit\u0103 blocarea a peste 700 de conturi care apar\u021bin unor organisme de pres\u0103, jurnali\u0219ti, personalit\u0103\u021bi politice, studen\u021bi \u0219i alte persoane din Turcia&#8221;, a scris pe X duminic\u0103 seara echipa de comunicare a re\u021belei de socializare, scrie sursa precizat\u0103.Primarul Istanbulului Ekrem Imamoglu, acuzat de &#8222;corup\u021bie&#8221;, a fost \u00eencarcerat duminic\u0103 la \u00eenchisoarea din Marmara, cunoscut\u0103 \u0219i sub numele de \u00eenchisoarea Silivri, la periferia Istanbulului, a anun\u021bat partidul s\u0103u Partidul Republican al Poporului (CHP).Arestarea primarului Imamoglu, miercuri, sub acuza\u021bii de corup\u021bie \u0219i sus\u021binerea terorismului a declan\u0219at proteste ample \u00een \u021bar\u0103.Duminic\u0103, Ministerul turc de Interne a anun\u021bat pe re\u021beaua X c\u0103 323 de persoane au fost re\u021binute \u00een urma protestelor de s\u00e2mb\u0103t\u0103.Au avut loc manifesta\u021bii la Istanbul, Ankara, Izmir \u0219i \u00een alte ora\u0219e, la care au participat mii de persoane, \u00een pofida interzicerii \u00eentrunirilor.<\/p>\n<p><a href=\"https:\/\/www.realitatea.net\/stiri\/actual\/avertismentul-ambasadei-americane-de-la-bucuresti-cei-care-incalca-legea-americana-vor-fi-repatriati-sau-se-vor-confrunta-cu-acuzatii-penale_67e06a722e88e46b8e5bc732\" target=\"_blank\">Avertismentul ambasadei americane de la Bucure\u0219ti: \u201eCei care \u00eencalc\u0103 legea american\u0103 vor fi repatria\u021bi sau se vor confrunta cu acuza\u021bii penale\u201d<\/a><\/p>","protected":false},"excerpt":{"rendered":"<p>Echipa de comuniacre a re\u021belei de socializare a publicat, duminic\u0103, seara, urm\u0103torul mesaj: &#8222;Ne opunem&hellip;<\/p>\n","protected":false},"author":0,"featured_media":41941,"comment_status":"open","ping_status":"open","sticky":false,"template":"","format":"standard","meta":{"footnotes":""},"categories":[2],"tags":[],"class_list":["post-41943","post","type-post","status-publish","format-standard","has-post-thumbnail","hentry","category-actual"],"_links":{"self":[{"href":"https:\/\/247stiri.ro\/index.php\/wp-json\/wp\/v2\/posts\/41943","targetHints":{"allow":["GET"]}}],"collection":[{"href":"https:\/\/247stiri.ro\/index.php\/wp-json\/wp\/v2\/posts"}],"about":[{"href":"https:\/\/247stiri.ro\/index.php\/wp-json\/wp\/v2\/types\/post"}],"replies":[{"embeddable":true,"href":"https:\/\/247stiri.ro\/index.php\/wp-json\/wp\/v2\/comments?post=41943"}],"version-history":[{"count":0,"href":"https:\/\/247stiri.ro\/index.php\/wp-json\/wp\/v2\/posts\/41943\/revisions"}],"wp:featuredmedia":[{"embeddable":true,"href":"https:\/\/247stiri.ro\/index.php\/wp-json\/wp\/v2\/media\/41941"}],"wp:attachment":[{"href":"https:\/\/247stiri.ro\/index.php\/wp-json\/wp\/v2\/media?parent=41943"}],"wp:term":[{"taxonomy":"category","embeddable":true,"href":"https:\/\/247stiri.ro\/index.php\/wp-json\/wp\/v2\/categories?post=41943"},{"taxonomy":"post_tag","embeddable":true,"href":"https:\/\/247stiri.ro\/index.php\/wp-json\/wp\/v2\/tags?post=41943"}],"curies":[{"name":"wp","href":"https:\/\/api.w.org\/{rel}","templated":true}]}}