{"id":41950,"date":"2025-03-24T05:45:12","date_gmt":"2025-03-24T05:45:12","guid":{"rendered":"https:\/\/247stiri.ro\/index.php\/2025\/03\/24\/ilie-bolojan-participa-astazi-la-bilantul-iccj\/"},"modified":"2025-03-24T05:45:12","modified_gmt":"2025-03-24T05:45:12","slug":"ilie-bolojan-participa-astazi-la-bilantul-iccj","status":"publish","type":"post","link":"https:\/\/247stiri.ro\/index.php\/2025\/03\/24\/ilie-bolojan-participa-astazi-la-bilantul-iccj\/","title":{"rendered":"Ilie Bolojan particip\u0103, ast\u0103zi, la bilan\u021bul ICCJ\u00a0"},"content":{"rendered":"<p>\u201dAst\u0103zi, \u00eencep\u00e2nd cu ora 13:00, va avea loc prezentarea public\u0103 a Raportului anual de activitate al \u00cenaltei Cur\u0163i de Casa\u0163ie \u015fi Justi\u0163ie aferent anului 2024, aprobat de c\u0103tre Adunarea general\u0103 a judec\u0103torilor Cur\u0163ii la data de 20 martie 2025\u201d, anun\u0163\u0103 ICCJ.<\/p>\n<p>Raportul reflect\u0103 activitatea instan\u0163ei supreme \u00een 2024, at\u00e2t ca instan\u0163\u0103 de judecat\u0103, c\u00e2t \u015fi ca unificator al practicii judiciare, jurispruden\u0163a relevant\u0103 a acesteia, activitatea interna\u0163ional\u0103, precum \u015fi direc\u0163iile de ac\u0163iune \u015fi priorit\u0103\u0163ile stabilite pentru perioada urm\u0103toare, precizeaz\u0103 institu\u0163ia.<\/p>\n<p>Raportul pe 2023, f\u0103cut public \u00een iunie 2024, men\u0163iona printre factorii de risc privind activitatea instan\u0163ei supreme supra\u00eenc\u0103rcarea.<\/p>\n<p>\u00cen 2023, pe rolul ICCJ s-au aflat 21.995 de cauze \u00eenregistr\u00e2ndu-se o sc\u0103dere a volumului cu 3,3% fa\u0163\u0103 de 2022.<\/p>\n<p>\u00een 2023, ICCJ a solu\u0163ionat 14.936 de cauze, la finele anului figur\u00e2nd 7.059 de cauze nesolu\u0163ionate.<\/p>\n<p>Pentru 2024, instan\u0163a suprem\u0103 \u00ee\u015fi propunea continuarea m\u0103surilor destinate acceler\u0103rii ritmului de solu\u0163ionare a cauzelor, asigurarea unei jurispruden\u0163e unitare, acordarea unei aten\u0163ii sporite cre\u015fterii capacit\u0103\u0163ii administrative a instan\u0163elor judec\u0103tore\u015fti, dezvoltarea unui sistem integrat de management electronic al dosarului &#8211; Dosarul Electronic Na\u0163ional, asigurarea transparen\u0163ei \u015fi \u00eent\u0103rirea comunic\u0103rii.<\/p>","protected":false},"excerpt":{"rendered":"<p>\u201dAst\u0103zi, \u00eencep\u00e2nd cu ora 13:00, va avea loc prezentarea public\u0103 a Raportului anual de activitate&hellip;<\/p>\n","protected":false},"author":0,"featured_media":41951,"comment_status":"open","ping_status":"open","sticky":false,"template":"","format":"standard","meta":{"footnotes":""},"categories":[3],"tags":[],"class_list":["post-41950","post","type-post","status-publish","format-standard","has-post-thumbnail","hentry","category-politica"],"_links":{"self":[{"href":"https:\/\/247stiri.ro\/index.php\/wp-json\/wp\/v2\/posts\/41950","targetHints":{"allow":["GET"]}}],"collection":[{"href":"https:\/\/247stiri.ro\/index.php\/wp-json\/wp\/v2\/posts"}],"about":[{"href":"https:\/\/247stiri.ro\/index.php\/wp-json\/wp\/v2\/types\/post"}],"replies":[{"embeddable":true,"href":"https:\/\/247stiri.ro\/index.php\/wp-json\/wp\/v2\/comments?post=41950"}],"version-history":[{"count":0,"href":"https:\/\/247stiri.ro\/index.php\/wp-json\/wp\/v2\/posts\/41950\/revisions"}],"wp:featuredmedia":[{"embeddable":true,"href":"https:\/\/247stiri.ro\/index.php\/wp-json\/wp\/v2\/media\/41951"}],"wp:attachment":[{"href":"https:\/\/247stiri.ro\/index.php\/wp-json\/wp\/v2\/media?parent=41950"}],"wp:term":[{"taxonomy":"category","embeddable":true,"href":"https:\/\/247stiri.ro\/index.php\/wp-json\/wp\/v2\/categories?post=41950"},{"taxonomy":"post_tag","embeddable":true,"href":"https:\/\/247stiri.ro\/index.php\/wp-json\/wp\/v2\/tags?post=41950"}],"curies":[{"name":"wp","href":"https:\/\/api.w.org\/{rel}","templated":true}]}}