{"id":41960,"date":"2025-03-24T06:45:07","date_gmt":"2025-03-24T06:45:07","guid":{"rendered":"https:\/\/247stiri.ro\/index.php\/2025\/03\/24\/ciocniri-violente-intre-protestatari-si-politisti-in-turcia-fortele-de-ordine-au-tras-cu-gloante-de-cauciuc-si-au-folosit-tunuri-de-apa\/"},"modified":"2025-03-24T06:45:07","modified_gmt":"2025-03-24T06:45:07","slug":"ciocniri-violente-intre-protestatari-si-politisti-in-turcia-fortele-de-ordine-au-tras-cu-gloante-de-cauciuc-si-au-folosit-tunuri-de-apa","status":"publish","type":"post","link":"https:\/\/247stiri.ro\/index.php\/2025\/03\/24\/ciocniri-violente-intre-protestatari-si-politisti-in-turcia-fortele-de-ordine-au-tras-cu-gloante-de-cauciuc-si-au-folosit-tunuri-de-apa\/","title":{"rendered":"Ciocniri violente \u00eentre protestatari \u0219i poli\u021bi\u0219ti, \u00een Turcia: for\u021bele de ordine au tras cu gloan\u021be de cauciuc \u0219i au folosit tunuri de ap\u0103"},"content":{"rendered":"<p>Pie\u021bele centrale din Istanbul \u0219i cele mai mari ora\u0219e din Turcia au fost luate cu asalt de mul\u021bimi de protestatari furio\u0219i. Ace\u0219tia au aruncat cu fumigene \u0219i artificii, iar autorit\u0103\u021bile au ripostat cu gaze lacrimogene \u0219i tunuri cu ap\u0103.<\/p>\n<p>Situa\u021bia din Turcia este at\u00e2t de grav\u0103, \u00eenc\u00e2t ministerul Afacerilor Externe de la Bucure\u0219ti a emis o avertizare de c\u0103l\u0103torie pentru rom\u00e2nii care vor s\u0103 intre \u00een \u021bar\u0103.\u00a0<\/p>\n<p>Printre zonele care au devenit nesigure se num\u0103r\u0103 mai multe pie\u021be \u0219i artere rutiere din marile ora\u0219e, dar \u0219i unele zone turistice.<\/p>\n<p>Primarul Istanbulului se afl\u0103 \u00een arest sub acuza\u021bia de corup\u021bie, delapidare de fonduri \u0219i de sus\u021binere a unei grup\u0103ri teroriste. Polticianul ar fi urmat s\u0103 devin\u0103 principalul contracandidat al pre\u0219edintelui Erdogan. Acesta din urm\u0103 condamn\u0103 protestele.<\/p>\n<p>Oamenii sunt revolta\u021bi dup\u0103 arestarea primarului \u0219i sus\u021bin c\u0103 a fost aruncat \u00een \u00eenchisoare nevinovat.\u00a0<\/p>\n<p>\u00a0<\/p>","protected":false},"excerpt":{"rendered":"<p>Pie\u021bele centrale din Istanbul \u0219i cele mai mari ora\u0219e din Turcia au fost luate cu&hellip;<\/p>\n","protected":false},"author":0,"featured_media":41961,"comment_status":"open","ping_status":"open","sticky":false,"template":"","format":"standard","meta":{"footnotes":""},"categories":[4],"tags":[],"class_list":["post-41960","post","type-post","status-publish","format-standard","has-post-thumbnail","hentry","category-extern"],"_links":{"self":[{"href":"https:\/\/247stiri.ro\/index.php\/wp-json\/wp\/v2\/posts\/41960","targetHints":{"allow":["GET"]}}],"collection":[{"href":"https:\/\/247stiri.ro\/index.php\/wp-json\/wp\/v2\/posts"}],"about":[{"href":"https:\/\/247stiri.ro\/index.php\/wp-json\/wp\/v2\/types\/post"}],"replies":[{"embeddable":true,"href":"https:\/\/247stiri.ro\/index.php\/wp-json\/wp\/v2\/comments?post=41960"}],"version-history":[{"count":0,"href":"https:\/\/247stiri.ro\/index.php\/wp-json\/wp\/v2\/posts\/41960\/revisions"}],"wp:featuredmedia":[{"embeddable":true,"href":"https:\/\/247stiri.ro\/index.php\/wp-json\/wp\/v2\/media\/41961"}],"wp:attachment":[{"href":"https:\/\/247stiri.ro\/index.php\/wp-json\/wp\/v2\/media?parent=41960"}],"wp:term":[{"taxonomy":"category","embeddable":true,"href":"https:\/\/247stiri.ro\/index.php\/wp-json\/wp\/v2\/categories?post=41960"},{"taxonomy":"post_tag","embeddable":true,"href":"https:\/\/247stiri.ro\/index.php\/wp-json\/wp\/v2\/tags?post=41960"}],"curies":[{"name":"wp","href":"https:\/\/api.w.org\/{rel}","templated":true}]}}