{"id":41968,"date":"2025-03-24T06:45:11","date_gmt":"2025-03-24T06:45:11","guid":{"rendered":"https:\/\/247stiri.ro\/index.php\/2025\/03\/24\/cod-galben-de-vant-puternic-pentru-mai-multe-judete-ale-tarii-rafalele-vor-ajunge-si-pana-la-80-100-km-h\/"},"modified":"2025-03-24T06:45:11","modified_gmt":"2025-03-24T06:45:11","slug":"cod-galben-de-vant-puternic-pentru-mai-multe-judete-ale-tarii-rafalele-vor-ajunge-si-pana-la-80-100-km-h","status":"publish","type":"post","link":"https:\/\/247stiri.ro\/index.php\/2025\/03\/24\/cod-galben-de-vant-puternic-pentru-mai-multe-judete-ale-tarii-rafalele-vor-ajunge-si-pana-la-80-100-km-h\/","title":{"rendered":"Cod galben de v\u00e2nt puternic pentru mai multe jude\u021be ale \u021b\u0103rii. Rafalele vor ajunge \u0219i p\u00e2n\u0103 la 80-100 km\/h"},"content":{"rendered":"<p>Potrivit Administra\u021biei Na\u021bionale de Meteorologie, \u00een Banat, sudul Cri\u0219anei \u0219i \u00een Carpa\u021bii Meridionali \u0219i Mun\u021bii Banatului v\u00e2ntul va avea intensific\u0103ri cu viteze de 50 &#8211; 70 km\/h. La altitudini mari, \u00een general de peste 1.700 de metri, rafalele vor fi de 80 &#8211; 100 km\/h.<\/p>\n<p>\u00a0<\/p>\n\n<p>Tot ast\u0103zi, meteorologii au emis \u0219i oinformare\u00a0meteorologic\u0103 de instabilitate atmosferic\u0103, cantit\u0103\u021bi de ap\u0103 \u00eensemnate \u0219i intensific\u0103ri ale v\u00e2ntului \u00een Banat, Cri\u0219ana, Maramure\u0219, vestul \u0219i nordul Transilvaniei, precum \u0219i \u00een zonele montane aferente (Carpa\u021bii Occidentali \u0219i nordul Carpa\u021bilor Orientali). Informarea este valabil\u0103 \u00een intervalul 24 martie, ora 9:00 &#8211; 25 martie, ora 6:00.\u00cen zonele men\u021bionate se vor semnala averse, pe alocuri \u00eenso\u021bite de desc\u0103rc\u0103ri electrice, iar \u00een intervale scurte de timp sau prin acumulare, vor fi cantit\u0103\u021bi de ap\u0103 local de 10 &#8211; 15 litri\/mp \u0219i izolat de peste 25 &#8211; 30 litri\/mp. Izolat va c\u0103dea grindin\u0103. Vor fi intensific\u0103ri ale v\u00e2ntului, local \u0219i temporar \u00een vestul, centrul \u0219i estul teritoriului, \u00een general cu viteze de 40 &#8211; 50 km\/h, iar \u00een zona montan\u0103 \u00eenalt\u0103 rafalele vor fi de 60 &#8211; 80 km\/h.<\/p>\n<p>\u00a0<\/p>","protected":false},"excerpt":{"rendered":"<p>Potrivit Administra\u021biei Na\u021bionale de Meteorologie, \u00een Banat, sudul Cri\u0219anei \u0219i \u00een Carpa\u021bii Meridionali \u0219i Mun\u021bii&hellip;<\/p>\n","protected":false},"author":0,"featured_media":41969,"comment_status":"open","ping_status":"open","sticky":false,"template":"","format":"standard","meta":{"footnotes":""},"categories":[2],"tags":[],"class_list":["post-41968","post","type-post","status-publish","format-standard","has-post-thumbnail","hentry","category-actual"],"_links":{"self":[{"href":"https:\/\/247stiri.ro\/index.php\/wp-json\/wp\/v2\/posts\/41968","targetHints":{"allow":["GET"]}}],"collection":[{"href":"https:\/\/247stiri.ro\/index.php\/wp-json\/wp\/v2\/posts"}],"about":[{"href":"https:\/\/247stiri.ro\/index.php\/wp-json\/wp\/v2\/types\/post"}],"replies":[{"embeddable":true,"href":"https:\/\/247stiri.ro\/index.php\/wp-json\/wp\/v2\/comments?post=41968"}],"version-history":[{"count":0,"href":"https:\/\/247stiri.ro\/index.php\/wp-json\/wp\/v2\/posts\/41968\/revisions"}],"wp:featuredmedia":[{"embeddable":true,"href":"https:\/\/247stiri.ro\/index.php\/wp-json\/wp\/v2\/media\/41969"}],"wp:attachment":[{"href":"https:\/\/247stiri.ro\/index.php\/wp-json\/wp\/v2\/media?parent=41968"}],"wp:term":[{"taxonomy":"category","embeddable":true,"href":"https:\/\/247stiri.ro\/index.php\/wp-json\/wp\/v2\/categories?post=41968"},{"taxonomy":"post_tag","embeddable":true,"href":"https:\/\/247stiri.ro\/index.php\/wp-json\/wp\/v2\/tags?post=41968"}],"curies":[{"name":"wp","href":"https:\/\/api.w.org\/{rel}","templated":true}]}}