{"id":41970,"date":"2025-03-24T06:45:12","date_gmt":"2025-03-24T06:45:12","guid":{"rendered":"https:\/\/247stiri.ro\/index.php\/2025\/03\/24\/accident-in-judetul-suceava-doua-persoane-au-fost-ranite-una-dintre-ele-este-in-stare-grava\/"},"modified":"2025-03-24T06:45:12","modified_gmt":"2025-03-24T06:45:12","slug":"accident-in-judetul-suceava-doua-persoane-au-fost-ranite-una-dintre-ele-este-in-stare-grava","status":"publish","type":"post","link":"https:\/\/247stiri.ro\/index.php\/2025\/03\/24\/accident-in-judetul-suceava-doua-persoane-au-fost-ranite-una-dintre-ele-este-in-stare-grava\/","title":{"rendered":"Accident \u00een jude\u021bul Suceava. Dou\u0103 persoane au fost r\u0103nite, una dintre ele este \u00een stare grav\u0103"},"content":{"rendered":"<p>Din informa\u021biile frunizate de oamenii legii, nu se \u0219tie din ce motiv, <a href=\"https:\/\/www.realitatea.net\/stiri\/actual\/accident-grav-in-gorj-patru-persoane-au-ajuns-la-spital-in-urma-unui-accident-in-care-au-fost-implicate-patru-autoturisme_67e0175d95757121c90af6c2\" target=\"_blank\">autoturismul<\/a> \u00een care se aflau trei b\u0103rba\u021bi a p\u0103r\u0103sit partea carosabil\u0103 \u0219i s-a r\u0103sturnat pe marginea drumului.\u00a0<\/p>\n<p>\u00cen urma acestui incident, dou\u0103 persoane au fost r\u0103nite \u0219i au necesitat \u00eengrijiri medicale. Una dintre ele este \u00een aceste momente \u00een stare grav\u0103.\u00a0<\/p>\n<p>La scurt timp, la fa\u021ba locului, au intervenit pompierii militari cu o autospecial\u0103 pentru descarcerare \u0219i o ambulan\u021b\u0103 SMURD, fiind sprijini\u021bi de dou\u0103 echipaje ale Serviciului de Ambulan\u021b\u0103 Jude\u021bean (SAJ).<\/p>\n<p>\u201eUna dintre victime este incon\u0219tient\u0103, dar prezint\u0103 func\u021bii vitale. Ambele persoane r\u0103nite au fost transportate la spital pentru \u00eengrijiri medicale suplimentare\u201d, au transmis salvatorii.<\/p>\n<p>\u00cen acest caz, poli\u021bi\u0219tii au deschis o anchet\u0103 \u0219i urmeaz\u0103 s\u0103 stabileasc\u0103 cu exactitate cauzele \u0219i \u00eemprejur\u0103rile \u00een care s-a produs evenimentul rutier.\u00a0<\/p>","protected":false},"excerpt":{"rendered":"<p>Din informa\u021biile frunizate de oamenii legii, nu se \u0219tie din ce motiv, autoturismul \u00een care&hellip;<\/p>\n","protected":false},"author":0,"featured_media":41971,"comment_status":"open","ping_status":"open","sticky":false,"template":"","format":"standard","meta":{"footnotes":""},"categories":[2],"tags":[],"class_list":["post-41970","post","type-post","status-publish","format-standard","has-post-thumbnail","hentry","category-actual"],"_links":{"self":[{"href":"https:\/\/247stiri.ro\/index.php\/wp-json\/wp\/v2\/posts\/41970","targetHints":{"allow":["GET"]}}],"collection":[{"href":"https:\/\/247stiri.ro\/index.php\/wp-json\/wp\/v2\/posts"}],"about":[{"href":"https:\/\/247stiri.ro\/index.php\/wp-json\/wp\/v2\/types\/post"}],"replies":[{"embeddable":true,"href":"https:\/\/247stiri.ro\/index.php\/wp-json\/wp\/v2\/comments?post=41970"}],"version-history":[{"count":0,"href":"https:\/\/247stiri.ro\/index.php\/wp-json\/wp\/v2\/posts\/41970\/revisions"}],"wp:featuredmedia":[{"embeddable":true,"href":"https:\/\/247stiri.ro\/index.php\/wp-json\/wp\/v2\/media\/41971"}],"wp:attachment":[{"href":"https:\/\/247stiri.ro\/index.php\/wp-json\/wp\/v2\/media?parent=41970"}],"wp:term":[{"taxonomy":"category","embeddable":true,"href":"https:\/\/247stiri.ro\/index.php\/wp-json\/wp\/v2\/categories?post=41970"},{"taxonomy":"post_tag","embeddable":true,"href":"https:\/\/247stiri.ro\/index.php\/wp-json\/wp\/v2\/tags?post=41970"}],"curies":[{"name":"wp","href":"https:\/\/api.w.org\/{rel}","templated":true}]}}