{"id":41972,"date":"2025-03-24T06:45:12","date_gmt":"2025-03-24T06:45:12","guid":{"rendered":"https:\/\/247stiri.ro\/index.php\/2025\/03\/24\/ion-cristoiu-o-ironizeaza-pe-elena-lasconi-camerista-a-devenit-vicleana-emite-prostii-ca-un-radio\/"},"modified":"2025-03-24T06:45:12","modified_gmt":"2025-03-24T06:45:12","slug":"ion-cristoiu-o-ironizeaza-pe-elena-lasconi-camerista-a-devenit-vicleana-emite-prostii-ca-un-radio","status":"publish","type":"post","link":"https:\/\/247stiri.ro\/index.php\/2025\/03\/24\/ion-cristoiu-o-ironizeaza-pe-elena-lasconi-camerista-a-devenit-vicleana-emite-prostii-ca-un-radio\/","title":{"rendered":"Ion Cristoiu o ironizeaz\u0103 pe Elena Lasconi: \u201dCamerista a devenit viclean\u0103. Emite prostii ca un radio\u201d"},"content":{"rendered":"<p>\u00centr-un \u00a0mesaj postat pe re\u021belele sociale, cunoscutul om de televiziune a ironizat-o pe <a href=\"https:\/\/www.realitatea.net\/stiri\/actual\/nicusor-dan-si-ilie-bolojan-aceeasi-schema-ca-a-lui-traian-basescu-se-incearca-destabilizarea-tarii-sub-lupa-globalistilor_67e049103914d05c982a3fa2\" target=\"_blank\">\u0219efa USR <\/a>pe care a numit-o produsul comic de pe TikTok.\u00a0<\/p>\n<p>\u201dSlav\u0103 Domnului, Elena Lasconi nu s-a retrats din curs\u0103, ea face turnee prin \u021bar\u0103 prilej cu care emite prostii, emite prostii ca un post de ala de radio \u00eendep\u0103rat. Ei i-a casunat pe TikTok, de ce, pentru ca ea pe TikTok ea este vedeta tuturor, vedeta. Ea produce comedie.\u00a0<\/p>\n<p>Dar prostie, prostie, dar \u0219i cmaerista e viclean\u0103 r\u0103u. Ea cere ca cu o saptam\u00e2n\u0103 \u00eenainte de alegeri s\u0103 se \u00eenchid\u0103 TikTok, de ce? Ca vrea ea, vrea cu tot trupul ei.<\/p>\n<p>Este o persoan\u0103 extraordinar\u0103, spune prostii cu tot trupul, a\u021bi mai v\u0103zut a\u0219a ceva? V\u0103 implor, nu o scoate\u0219i pe doamna asta din curs\u0103, ce ne facem noi f\u0103r\u0103 Elena Lasconi?\u201d, a declarat Ion Cristoiu pe TikTok.<\/p>","protected":false},"excerpt":{"rendered":"<p>\u00centr-un \u00a0mesaj postat pe re\u021belele sociale, cunoscutul om de televiziune a ironizat-o pe \u0219efa USR&hellip;<\/p>\n","protected":false},"author":0,"featured_media":41965,"comment_status":"open","ping_status":"open","sticky":false,"template":"","format":"standard","meta":{"footnotes":""},"categories":[2],"tags":[],"class_list":["post-41972","post","type-post","status-publish","format-standard","has-post-thumbnail","hentry","category-actual"],"_links":{"self":[{"href":"https:\/\/247stiri.ro\/index.php\/wp-json\/wp\/v2\/posts\/41972","targetHints":{"allow":["GET"]}}],"collection":[{"href":"https:\/\/247stiri.ro\/index.php\/wp-json\/wp\/v2\/posts"}],"about":[{"href":"https:\/\/247stiri.ro\/index.php\/wp-json\/wp\/v2\/types\/post"}],"replies":[{"embeddable":true,"href":"https:\/\/247stiri.ro\/index.php\/wp-json\/wp\/v2\/comments?post=41972"}],"version-history":[{"count":0,"href":"https:\/\/247stiri.ro\/index.php\/wp-json\/wp\/v2\/posts\/41972\/revisions"}],"wp:featuredmedia":[{"embeddable":true,"href":"https:\/\/247stiri.ro\/index.php\/wp-json\/wp\/v2\/media\/41965"}],"wp:attachment":[{"href":"https:\/\/247stiri.ro\/index.php\/wp-json\/wp\/v2\/media?parent=41972"}],"wp:term":[{"taxonomy":"category","embeddable":true,"href":"https:\/\/247stiri.ro\/index.php\/wp-json\/wp\/v2\/categories?post=41972"},{"taxonomy":"post_tag","embeddable":true,"href":"https:\/\/247stiri.ro\/index.php\/wp-json\/wp\/v2\/tags?post=41972"}],"curies":[{"name":"wp","href":"https:\/\/api.w.org\/{rel}","templated":true}]}}