{"id":41983,"date":"2025-03-24T07:44:56","date_gmt":"2025-03-24T07:44:56","guid":{"rendered":"https:\/\/247stiri.ro\/index.php\/2025\/03\/24\/bolojan-si-predoiu-discutii-inainte-de-alegeri-ce-pun-la-cale-presedintele-interimar-si-seful-de-la-interne\/"},"modified":"2025-03-24T07:44:56","modified_gmt":"2025-03-24T07:44:56","slug":"bolojan-si-predoiu-discutii-inainte-de-alegeri-ce-pun-la-cale-presedintele-interimar-si-seful-de-la-interne","status":"publish","type":"post","link":"https:\/\/247stiri.ro\/index.php\/2025\/03\/24\/bolojan-si-predoiu-discutii-inainte-de-alegeri-ce-pun-la-cale-presedintele-interimar-si-seful-de-la-interne\/","title":{"rendered":"Bolojan \u0219i Predoiu, discu\u021bii \u00eenainte de alegeri: ce pun la cale pre\u0219edintele interimar \u0219i \u0219eful de la Interne"},"content":{"rendered":"<p>Potrivit Realitatea PLUS, ast\u0103zi ar putea avea loc aceast\u0103 \u00eent\u00e2lnire \u00eentre pre\u0219edintele interimar C\u0103t\u0103lin Predoiu \u0219i ministrul de Inetrne C\u0103t\u0103lin Preodiu. Este o \u00eent\u00e2lnire important\u0103 \u00een care se discut\u0103 despre siguran\u021ba public\u0103. De altfel, ministrul Predoiu a declarat c\u0103 \u00eei aduce la cuno\u0219tin\u021b\u0103 constant pre\u0219edintelui interimar informa\u021bii despre acest subiect.\u00a0<\/p>\n<p>\u00a0Nu se \u0219tie \u00eenc\u0103 cert ora la care va avea loc \u00eent\u00e2lnirea.\u00a0<\/p>","protected":false},"excerpt":{"rendered":"<p>Potrivit Realitatea PLUS, ast\u0103zi ar putea avea loc aceast\u0103 \u00eent\u00e2lnire \u00eentre pre\u0219edintele interimar C\u0103t\u0103lin Predoiu&hellip;<\/p>\n","protected":false},"author":0,"featured_media":41984,"comment_status":"open","ping_status":"open","sticky":false,"template":"","format":"standard","meta":{"footnotes":""},"categories":[3],"tags":[],"class_list":["post-41983","post","type-post","status-publish","format-standard","has-post-thumbnail","hentry","category-politica"],"_links":{"self":[{"href":"https:\/\/247stiri.ro\/index.php\/wp-json\/wp\/v2\/posts\/41983","targetHints":{"allow":["GET"]}}],"collection":[{"href":"https:\/\/247stiri.ro\/index.php\/wp-json\/wp\/v2\/posts"}],"about":[{"href":"https:\/\/247stiri.ro\/index.php\/wp-json\/wp\/v2\/types\/post"}],"replies":[{"embeddable":true,"href":"https:\/\/247stiri.ro\/index.php\/wp-json\/wp\/v2\/comments?post=41983"}],"version-history":[{"count":0,"href":"https:\/\/247stiri.ro\/index.php\/wp-json\/wp\/v2\/posts\/41983\/revisions"}],"wp:featuredmedia":[{"embeddable":true,"href":"https:\/\/247stiri.ro\/index.php\/wp-json\/wp\/v2\/media\/41984"}],"wp:attachment":[{"href":"https:\/\/247stiri.ro\/index.php\/wp-json\/wp\/v2\/media?parent=41983"}],"wp:term":[{"taxonomy":"category","embeddable":true,"href":"https:\/\/247stiri.ro\/index.php\/wp-json\/wp\/v2\/categories?post=41983"},{"taxonomy":"post_tag","embeddable":true,"href":"https:\/\/247stiri.ro\/index.php\/wp-json\/wp\/v2\/tags?post=41983"}],"curies":[{"name":"wp","href":"https:\/\/api.w.org\/{rel}","templated":true}]}}