{"id":41992,"date":"2025-03-24T07:45:00","date_gmt":"2025-03-24T07:45:00","guid":{"rendered":"https:\/\/247stiri.ro\/index.php\/2025\/03\/24\/emotii-pentru-elevii-claselor-a-xii-a-incepe-simularea-la-bac\/"},"modified":"2025-03-24T07:45:00","modified_gmt":"2025-03-24T07:45:00","slug":"emotii-pentru-elevii-claselor-a-xii-a-incepe-simularea-la-bac","status":"publish","type":"post","link":"https:\/\/247stiri.ro\/index.php\/2025\/03\/24\/emotii-pentru-elevii-claselor-a-xii-a-incepe-simularea-la-bac\/","title":{"rendered":"Emo\u021bii pentru elevii claselor a XII-a. \u00cencepe simularea la Bac"},"content":{"rendered":"<p>Mar\u021bi va avea loc proba obligatorie a profilului, iar miercuri proba la alegere a profilului sau specializ\u0103rii.<\/p>\n<p>Elevii din partea minorit\u0103\u021bilor na\u021bionale vor sus\u021bine joi proba la Limba \u0219i literatura matern\u0103.<\/p>\n<p>Elevii au la dispozi\u021bie trei ore pentru lucr\u0103rile scrise, din momentul \u00een care s-a \u00eencheiat distribuirea subiectelor fiec\u0103rui elev. Subiectele sunt elaborate pe baza con\u021binuturilor \u0219i competen\u021belor asociate acestora, conform programelor.<\/p>\n<p><a href=\"https:\/\/www.realitatea.net\/stiri\/actual\/ministerul-educatiei-despre-performanta-la-nivel-de-liceu-nu-arata-bine-modelele-pe-care-le-avem-nu-mai-sunt-adecvate_67c729e7d75b642d79236ce7\" target=\"_blank\">Ministerul Educa\u021biei, despre performan\u021ba la nivel de liceu: \u201dNu arat\u0103 bine. Modelele pe care le avem nu mai sunt adecvate\u201d<\/a><\/p>\n<p>Rezultatele vor fi comunicate individual (mar\u021bi, 8 aprilie)\u00a0\u0219i vor fi analizate la nivelul fiec\u0103rei unit\u0103\u021bi de \u00eenv\u0103\u021b\u0103m\u00e2nt liceal prin discu\u021bii cu elevii, \u0219edin\u021be cu p\u0103rin\u021bii, precum \u0219i \u00een cadrul consiliilor profesorale. Obiectivul urm\u0103rit: adoptarea celor mai potrivite m\u0103suri pentru \u00eembun\u0103t\u0103\u021birea performan\u021belor \u0219colare \u00een perspectiva examenului din sesiunile iunie \u0219i iulie &#8211; august 2025.<\/p>\n<p class=\"rtejustify\">Notele nu vor fi trecute \u00een catalog, \u00eens\u0103, prin excep\u021bie, la solicitarea scris\u0103 a elevului\/a p\u0103rintelui, acestea pot fi consemnate \u00een catalog.<\/p>\n<p>Potrivit Ministerului Educa\u021biei \u0219i Cercet\u0103rii, obiectivele urm\u0103rite prin organizarea simul\u0103rilor la nivel na\u021bional sunt familiarizarea elevilor cu rigorile unui examen real \u0219i optimizarea rezultatelor ob\u021binute de c\u0103tre elevi la finalul studiilor liceale.<\/p>","protected":false},"excerpt":{"rendered":"<p>Mar\u021bi va avea loc proba obligatorie a profilului, iar miercuri proba la alegere a profilului&hellip;<\/p>\n","protected":false},"author":0,"featured_media":41993,"comment_status":"open","ping_status":"open","sticky":false,"template":"","format":"standard","meta":{"footnotes":""},"categories":[2],"tags":[],"class_list":["post-41992","post","type-post","status-publish","format-standard","has-post-thumbnail","hentry","category-actual"],"_links":{"self":[{"href":"https:\/\/247stiri.ro\/index.php\/wp-json\/wp\/v2\/posts\/41992","targetHints":{"allow":["GET"]}}],"collection":[{"href":"https:\/\/247stiri.ro\/index.php\/wp-json\/wp\/v2\/posts"}],"about":[{"href":"https:\/\/247stiri.ro\/index.php\/wp-json\/wp\/v2\/types\/post"}],"replies":[{"embeddable":true,"href":"https:\/\/247stiri.ro\/index.php\/wp-json\/wp\/v2\/comments?post=41992"}],"version-history":[{"count":0,"href":"https:\/\/247stiri.ro\/index.php\/wp-json\/wp\/v2\/posts\/41992\/revisions"}],"wp:featuredmedia":[{"embeddable":true,"href":"https:\/\/247stiri.ro\/index.php\/wp-json\/wp\/v2\/media\/41993"}],"wp:attachment":[{"href":"https:\/\/247stiri.ro\/index.php\/wp-json\/wp\/v2\/media?parent=41992"}],"wp:term":[{"taxonomy":"category","embeddable":true,"href":"https:\/\/247stiri.ro\/index.php\/wp-json\/wp\/v2\/categories?post=41992"},{"taxonomy":"post_tag","embeddable":true,"href":"https:\/\/247stiri.ro\/index.php\/wp-json\/wp\/v2\/tags?post=41992"}],"curies":[{"name":"wp","href":"https:\/\/api.w.org\/{rel}","templated":true}]}}