{"id":42013,"date":"2025-03-24T08:46:26","date_gmt":"2025-03-24T08:46:26","guid":{"rendered":"https:\/\/247stiri.ro\/index.php\/2025\/03\/24\/fratii-tate-sfidatori-la-intoarcerea-in-romania-suntem-persoane-libere-mergem-unde-vrem-noi\/"},"modified":"2025-03-24T08:46:26","modified_gmt":"2025-03-24T08:46:26","slug":"fratii-tate-sfidatori-la-intoarcerea-in-romania-suntem-persoane-libere-mergem-unde-vrem-noi","status":"publish","type":"post","link":"https:\/\/247stiri.ro\/index.php\/2025\/03\/24\/fratii-tate-sfidatori-la-intoarcerea-in-romania-suntem-persoane-libere-mergem-unde-vrem-noi\/","title":{"rendered":"Fra\u021bii Tate, sfid\u0103tori la \u00eentoarcerea \u00een Rom\u00e2nia: \u201eSuntem persoane libere, mergem unde vrem noi!\u201d"},"content":{"rendered":"<p>Andrew Tate \u015fi fratele s\u0103u Tristan au ajuns, luni, \u00een jurul orei 10.00, la sediul Inspectoratului Jude\u0163ean de\u00a0Poli\u0163ie\u00a0Ilfov, din Voluntari, \u0219i au semnat controlul judiciar. Cei doi fra\u0163i s-au \u00eentors, \u00een noaptea de vineri spre s\u00e2mb\u0103t\u0103, din SUA \u00een Rom\u00e2nia, unde sunt acuza\u0163i de trafic de persoane, viol \u015fi alte fapte.<\/p>\n<p>&#8222;Sunt un om liber ca \u0219i voi. Pot s\u0103 merg unde vreau. Nu \u0219tiu ce o s\u0103 fac. M\u0103 bucur c\u0103 sunt aici, stau c\u00e2teva s\u0103pt\u0103m\u00e2ni, decid pe loc unde plec.<\/p>\n<p>\u00cemi \u00eendeplinesc obliga\u021biile fa\u021ba de lege, nu am nicio problem\u0103.<\/p>\n<p>Cazul asta nu merge nic\u0103ieri, o s\u0103 se \u00eenchid\u0103. Au vrut s\u0103-mi distrug\u0103 via\u021ba, e nedrept. Au fost perseveren\u021bi. E interesant, dar se va termina. Nu e nicio acuza\u021bie \u00een Florida. Cred c\u0103 suntem cei mai interesan\u021bi oameni de pe planet\u0103.<\/p>\n<p>M\u0103 pot acuza de orice, mergem la tribunal. O s\u0103 merg oriunde sunt chemat&#8221;, a spus Andrew la ie\u0219irea de la Poli\u021bie.<\/p>\n<p>\u00cenainte de a sosi \u00een Rom\u00e2nia, \u00een noaptea de vineri spre s\u00e2mb\u0103t\u0103, Andrew Tate declarase celor 10,8 milioane de urm\u0103ritori ai s\u0103i pe X c\u0103 a cheltuit 185.000 de dolari pe un avion privat, al\u0103turi de fratele s\u0103u, doar pentru a \u201esemna o h\u00e2rtie \u00een Rom\u00e2nia\u201d.<\/p>\n<p>Fra\u0163ii, care au dubl\u0103 cet\u0103\u0163enie american\u0103 \u015fi britanic\u0103, au ajuns \u00een SUA la sf\u00e2r\u015fitul lunii februarie, dup\u0103 ce procurorii rom\u00e2ni au ridicat o interdic\u0163ie de c\u0103l\u0103torie pe care o aveau de doi ani.<\/p>","protected":false},"excerpt":{"rendered":"<p>Andrew Tate \u015fi fratele s\u0103u Tristan au ajuns, luni, \u00een jurul orei 10.00, la sediul&hellip;<\/p>\n","protected":false},"author":0,"featured_media":42014,"comment_status":"open","ping_status":"open","sticky":false,"template":"","format":"standard","meta":{"footnotes":""},"categories":[2],"tags":[],"class_list":["post-42013","post","type-post","status-publish","format-standard","has-post-thumbnail","hentry","category-actual"],"_links":{"self":[{"href":"https:\/\/247stiri.ro\/index.php\/wp-json\/wp\/v2\/posts\/42013","targetHints":{"allow":["GET"]}}],"collection":[{"href":"https:\/\/247stiri.ro\/index.php\/wp-json\/wp\/v2\/posts"}],"about":[{"href":"https:\/\/247stiri.ro\/index.php\/wp-json\/wp\/v2\/types\/post"}],"replies":[{"embeddable":true,"href":"https:\/\/247stiri.ro\/index.php\/wp-json\/wp\/v2\/comments?post=42013"}],"version-history":[{"count":0,"href":"https:\/\/247stiri.ro\/index.php\/wp-json\/wp\/v2\/posts\/42013\/revisions"}],"wp:featuredmedia":[{"embeddable":true,"href":"https:\/\/247stiri.ro\/index.php\/wp-json\/wp\/v2\/media\/42014"}],"wp:attachment":[{"href":"https:\/\/247stiri.ro\/index.php\/wp-json\/wp\/v2\/media?parent=42013"}],"wp:term":[{"taxonomy":"category","embeddable":true,"href":"https:\/\/247stiri.ro\/index.php\/wp-json\/wp\/v2\/categories?post=42013"},{"taxonomy":"post_tag","embeddable":true,"href":"https:\/\/247stiri.ro\/index.php\/wp-json\/wp\/v2\/tags?post=42013"}],"curies":[{"name":"wp","href":"https:\/\/api.w.org\/{rel}","templated":true}]}}