{"id":42018,"date":"2025-03-24T08:46:28","date_gmt":"2025-03-24T08:46:28","guid":{"rendered":"https:\/\/247stiri.ro\/index.php\/2025\/03\/24\/conflict-urias-intr-o-comuna-din-jud-vrancea-zeci-de-politisti-si-mascati-au-fost-mobilizati-8-persoane-duse-la-audieri\/"},"modified":"2025-03-24T08:46:28","modified_gmt":"2025-03-24T08:46:28","slug":"conflict-urias-intr-o-comuna-din-jud-vrancea-zeci-de-politisti-si-mascati-au-fost-mobilizati-8-persoane-duse-la-audieri","status":"publish","type":"post","link":"https:\/\/247stiri.ro\/index.php\/2025\/03\/24\/conflict-urias-intr-o-comuna-din-jud-vrancea-zeci-de-politisti-si-mascati-au-fost-mobilizati-8-persoane-duse-la-audieri\/","title":{"rendered":"Conflict uria\u0219 \u00eentr-o comun\u0103 din jud. Vrancea: zeci de poli\u021bi\u0219ti \u0219i masca\u021bi au fost mobiliza\u021bi. 8 persoane, duse la audieri"},"content":{"rendered":"<p>Poli\u021bi\u0219tii au fost alerta\u021bi, duminic\u0103 seara, printr-un apel la 112 despre un conflict \u00eentre patru &#8211; cinci persoane, la Slobozia Bradului, \u00een urma c\u0103ruia un b\u0103rbat a ajuns la spital dup\u0103 ce a fost lovit cu un obiect contondent.<\/p>\n<p>La pu\u021bin timp, tot printr-un apel la 112 a fost sesizat un accident rutier petrecut \u00een aceea\u0219i localitate, \u00een care doi tineri de 17 \u0219i 23 de ani ar fi fost acro\u0219a\u021bi de un autoturism condus de un b\u0103rbat. \u00cen uram cercet\u0103rilor s-a stabilit c\u0103 cele dou\u0103 evenimente ar avea leg\u0103tur\u0103, \u00eentruc\u00e2t cei doi tineri ar fi fost acro\u0219a\u021bi de un autoturism condus de victima primului apel la 112.<\/p>\n<p>Din primele investiga\u021bii a reie\u0219it c\u0103 un b\u0103rbat ar fi acro\u0219at doi tineri, la Slobozia Bradului, iar ulterior acesta ar fi fost agresat de mai multe persoane, av\u00e2nd nevoie de \u00eengrijiri medicale. \u00centre timp, \u0219i victimele accidentului rutier au sunat la 112 pentru a sesiza evenimentul \u0219i, de\u0219i ambii tineri au fost transporta\u021bi la spital, unul din ei nu prezenta leziuni, iar cel de-al doilea avea leziuni superficiale.<\/p>\n<p>&#8222;Pentru gestionarea situa\u021biei, cercetarea evenimentelor \u0219i men\u021binerea ordinii publice, la fa\u021ba locului au intervenit \u0219ase echipaje de poli\u021bie \u0219i o grup\u0103 de lupt\u0103tori ai Serviciului pentru Ac\u021biuni Speciale. De asemenea, pentru men\u021binerea ordinii \u0219i siguran\u021bei publice \u00een zona spitalului au fost direc\u021bionate trei echipaje de poli\u021bie, o grup\u0103 SAS \u0219i jandarmi din cadrul Inspectoratului de Jandarmi Jude\u021bean Vrancea&#8221;, au precizat poli\u021bi\u0219tii vr\u00e2nceni.\u00a0<\/p>\n<p>\u00cen cauz\u0103 a fost \u00eentocmit un dosar penal pentru lovire sau alte violen\u021be, distrugere \u0219i tulburarea ordinii \u0219i lini\u0219tii publice.<\/p>\n<p>De asemenea, au fost emise trei ordine de protec\u021bie provizorii.<\/p>\n<p>Poli\u021bi\u0219tii continu\u0103 cercet\u0103rile pentru a stabili cu exactitate modul de producere a evenimentelor, participa\u021bia fiec\u0103rei persoane, \u00eencadrarea juridic\u0103 a faptelor \u0219i dispunea tuturor m\u0103surilor pentru aplicarea ferm\u0103 a legii.<\/p>","protected":false},"excerpt":{"rendered":"<p>Poli\u021bi\u0219tii au fost alerta\u021bi, duminic\u0103 seara, printr-un apel la 112 despre un conflict \u00eentre patru&hellip;<\/p>\n","protected":false},"author":0,"featured_media":42019,"comment_status":"open","ping_status":"open","sticky":false,"template":"","format":"standard","meta":{"footnotes":""},"categories":[2],"tags":[],"class_list":["post-42018","post","type-post","status-publish","format-standard","has-post-thumbnail","hentry","category-actual"],"_links":{"self":[{"href":"https:\/\/247stiri.ro\/index.php\/wp-json\/wp\/v2\/posts\/42018","targetHints":{"allow":["GET"]}}],"collection":[{"href":"https:\/\/247stiri.ro\/index.php\/wp-json\/wp\/v2\/posts"}],"about":[{"href":"https:\/\/247stiri.ro\/index.php\/wp-json\/wp\/v2\/types\/post"}],"replies":[{"embeddable":true,"href":"https:\/\/247stiri.ro\/index.php\/wp-json\/wp\/v2\/comments?post=42018"}],"version-history":[{"count":0,"href":"https:\/\/247stiri.ro\/index.php\/wp-json\/wp\/v2\/posts\/42018\/revisions"}],"wp:featuredmedia":[{"embeddable":true,"href":"https:\/\/247stiri.ro\/index.php\/wp-json\/wp\/v2\/media\/42019"}],"wp:attachment":[{"href":"https:\/\/247stiri.ro\/index.php\/wp-json\/wp\/v2\/media?parent=42018"}],"wp:term":[{"taxonomy":"category","embeddable":true,"href":"https:\/\/247stiri.ro\/index.php\/wp-json\/wp\/v2\/categories?post=42018"},{"taxonomy":"post_tag","embeddable":true,"href":"https:\/\/247stiri.ro\/index.php\/wp-json\/wp\/v2\/tags?post=42018"}],"curies":[{"name":"wp","href":"https:\/\/api.w.org\/{rel}","templated":true}]}}