{"id":42043,"date":"2025-03-24T10:45:02","date_gmt":"2025-03-24T10:45:02","guid":{"rendered":"https:\/\/247stiri.ro\/index.php\/2025\/03\/24\/calin-georgescu-mesaj-impresionant-inainte-de-marea-manifestatie-din-26-martie-va-rog-sa-aveti-incredere-si-rabdare\/"},"modified":"2025-03-24T10:45:02","modified_gmt":"2025-03-24T10:45:02","slug":"calin-georgescu-mesaj-impresionant-inainte-de-marea-manifestatie-din-26-martie-va-rog-sa-aveti-incredere-si-rabdare","status":"publish","type":"post","link":"https:\/\/247stiri.ro\/index.php\/2025\/03\/24\/calin-georgescu-mesaj-impresionant-inainte-de-marea-manifestatie-din-26-martie-va-rog-sa-aveti-incredere-si-rabdare\/","title":{"rendered":"C\u0103lin Georgescu, mesaj impresionant \u00eenainte de marea manifesta\u021bie din 26 martie: V\u0103 rog s\u0103 ave\u021bi \u00eencredere \u0219i r\u0103bdare"},"content":{"rendered":"<p>&#8222;V\u0103 rog s\u0103 ave\u021bi \u00eencredere \u0219i r\u0103bdare, pentru c\u0103 \u00een momentul \u00een care vrem o schimbare, schimbarea aduce \u0219i un val mare de \u00eempotrivire. Dar noi suntem pentru a fi o na\u021biune demn\u0103.<\/p>\n<p>Fi\u021bi calmi, p\u0103stra\u021bi-v\u0103 lini\u0219tea \u00een suflet \u0219i \u00een inim\u0103 \u0219i s\u0103 \u00een\u021belegem \u00eempreun\u0103 c\u0103 ceea ce ne dorim cel mai mult este pacea \u0219i lini\u0219tea \u00een familiile noaste \u0219i \u00een \u021bara noastr\u0103.<\/p>\n<p>V\u0103 iubesc pe to\u021bi, s\u0103 fim \u00eempreun\u0103, s\u0103 fim lini\u0219ti\u021bi \u0219i s\u0103 \u00een\u021belegem c\u0103 atunci c\u00e2nd vrem s\u0103 facem cu adev\u0103rat o mare schimbare \u00een via\u021ba noastr\u0103 lucrurile nu sunt foarte simple, a\u0219a precum \u00eenainte s\u0103 r\u0103sar\u0103 soarele e foarte \u00eentuneric \u0219i foarte frig\u201d, a transmis Georgescu \u00een mesajul video.<\/p>","protected":false},"excerpt":{"rendered":"<p>&#8222;V\u0103 rog s\u0103 ave\u021bi \u00eencredere \u0219i r\u0103bdare, pentru c\u0103 \u00een momentul \u00een care vrem o&hellip;<\/p>\n","protected":false},"author":0,"featured_media":42044,"comment_status":"open","ping_status":"open","sticky":false,"template":"","format":"standard","meta":{"footnotes":""},"categories":[3],"tags":[],"class_list":["post-42043","post","type-post","status-publish","format-standard","has-post-thumbnail","hentry","category-politica"],"_links":{"self":[{"href":"https:\/\/247stiri.ro\/index.php\/wp-json\/wp\/v2\/posts\/42043","targetHints":{"allow":["GET"]}}],"collection":[{"href":"https:\/\/247stiri.ro\/index.php\/wp-json\/wp\/v2\/posts"}],"about":[{"href":"https:\/\/247stiri.ro\/index.php\/wp-json\/wp\/v2\/types\/post"}],"replies":[{"embeddable":true,"href":"https:\/\/247stiri.ro\/index.php\/wp-json\/wp\/v2\/comments?post=42043"}],"version-history":[{"count":0,"href":"https:\/\/247stiri.ro\/index.php\/wp-json\/wp\/v2\/posts\/42043\/revisions"}],"wp:featuredmedia":[{"embeddable":true,"href":"https:\/\/247stiri.ro\/index.php\/wp-json\/wp\/v2\/media\/42044"}],"wp:attachment":[{"href":"https:\/\/247stiri.ro\/index.php\/wp-json\/wp\/v2\/media?parent=42043"}],"wp:term":[{"taxonomy":"category","embeddable":true,"href":"https:\/\/247stiri.ro\/index.php\/wp-json\/wp\/v2\/categories?post=42043"},{"taxonomy":"post_tag","embeddable":true,"href":"https:\/\/247stiri.ro\/index.php\/wp-json\/wp\/v2\/tags?post=42043"}],"curies":[{"name":"wp","href":"https:\/\/api.w.org\/{rel}","templated":true}]}}