{"id":42050,"date":"2025-03-24T10:45:05","date_gmt":"2025-03-24T10:45:05","guid":{"rendered":"https:\/\/247stiri.ro\/index.php\/2025\/03\/24\/mapn-prima-reactie-in-cazul-militarului-gasit-impuscat-in-cap-barbatul-declarat-apt-pentru-sevriciul-militar-la-ultima-evaluare-in-2024\/"},"modified":"2025-03-24T10:45:05","modified_gmt":"2025-03-24T10:45:05","slug":"mapn-prima-reactie-in-cazul-militarului-gasit-impuscat-in-cap-barbatul-declarat-apt-pentru-sevriciul-militar-la-ultima-evaluare-in-2024","status":"publish","type":"post","link":"https:\/\/247stiri.ro\/index.php\/2025\/03\/24\/mapn-prima-reactie-in-cazul-militarului-gasit-impuscat-in-cap-barbatul-declarat-apt-pentru-sevriciul-militar-la-ultima-evaluare-in-2024\/","title":{"rendered":"MApN, prima reac\u021bie \u00een cazul militarului g\u0103sit \u00eempu\u0219cat \u00een cap: b\u0103rbatul, declarat apt pentru sevriciul militar la ultima evaluare, \u00een 2024"},"content":{"rendered":"<p>Militarul a fost g\u0103sit \u00een camera unde desf\u0103\u0219ura serviciul de zi pe unitate. Alerta la 112 a fost dat\u0103 de\u00a0personalul unit\u0103\u021bii militare, iar o echip\u0103 SMURD a ajuns la fa\u021ba locului pentru primele \u00eengrijiri, a transmis sursa citat\u0103 \u00eentr-un <a href=\"https:\/\/www.mapn.ro\/cpresa\/18806_comunicat-de-presa\" target=\"_blank\">comunicat<\/a>.<\/p>\n<p>Ulterior, militarul, \u00een v\u00e2rst\u0103 de 30 de ani, care prezenta semne vitale, a fost stabilizat \u0219i preluat de ambulan\u021b\u0103, fiind transportat la Spitalul Jude\u021bean de Urgen\u021b\u0103 T\u00e2rgu Jiu, unde se afl\u0103 sub tratament, starea sa fiind hemodinamic stabil\u0103.<\/p>\n<p>El urmeaz\u0103 s\u0103 fie transferat, \u00een cursul zilei de luni, cu un elicopter SMURD, la Spitalul Universitar de Urgen\u021b\u0103 Militar Central &#8216;Dr. Carol Davila&#8217; din Bucure\u0219ti.<\/p>\n<p>Militarul este angajat al Ministerului Ap\u0103r\u0103rii Na\u021bionale din anul 2016, iar ultima evaluare psihologic\u0103 a avut loc \u00een luna noiembrie 2024, \u00een urma acesteia fiind declarat apt pentru executarea serviciului militar.<\/p>\n<p>Cazul a fost preluat de Parchetul Militar Timi\u0219oara, circumscrip\u021bia Craiova.<\/p>\n<p>Totodat\u0103, la nivelul unit\u0103\u021bii militare s-a constituit o comisie care cerceteaz\u0103 circumstan\u021bele producerii acestui eveniment.<\/p>","protected":false},"excerpt":{"rendered":"<p>Militarul a fost g\u0103sit \u00een camera unde desf\u0103\u0219ura serviciul de zi pe unitate. Alerta la&hellip;<\/p>\n","protected":false},"author":0,"featured_media":42051,"comment_status":"open","ping_status":"open","sticky":false,"template":"","format":"standard","meta":{"footnotes":""},"categories":[2],"tags":[],"class_list":["post-42050","post","type-post","status-publish","format-standard","has-post-thumbnail","hentry","category-actual"],"_links":{"self":[{"href":"https:\/\/247stiri.ro\/index.php\/wp-json\/wp\/v2\/posts\/42050","targetHints":{"allow":["GET"]}}],"collection":[{"href":"https:\/\/247stiri.ro\/index.php\/wp-json\/wp\/v2\/posts"}],"about":[{"href":"https:\/\/247stiri.ro\/index.php\/wp-json\/wp\/v2\/types\/post"}],"replies":[{"embeddable":true,"href":"https:\/\/247stiri.ro\/index.php\/wp-json\/wp\/v2\/comments?post=42050"}],"version-history":[{"count":0,"href":"https:\/\/247stiri.ro\/index.php\/wp-json\/wp\/v2\/posts\/42050\/revisions"}],"wp:featuredmedia":[{"embeddable":true,"href":"https:\/\/247stiri.ro\/index.php\/wp-json\/wp\/v2\/media\/42051"}],"wp:attachment":[{"href":"https:\/\/247stiri.ro\/index.php\/wp-json\/wp\/v2\/media?parent=42050"}],"wp:term":[{"taxonomy":"category","embeddable":true,"href":"https:\/\/247stiri.ro\/index.php\/wp-json\/wp\/v2\/categories?post=42050"},{"taxonomy":"post_tag","embeddable":true,"href":"https:\/\/247stiri.ro\/index.php\/wp-json\/wp\/v2\/tags?post=42050"}],"curies":[{"name":"wp","href":"https:\/\/api.w.org\/{rel}","templated":true}]}}