{"id":42059,"date":"2025-03-24T11:45:00","date_gmt":"2025-03-24T11:45:00","guid":{"rendered":"https:\/\/247stiri.ro\/index.php\/2025\/03\/24\/aur-initiaza-o-motiune-simpla-impotriva-lui-catalin-predoiu-ministrul-de-interne-acuzat-ca-gireaza-o-intimidare-a-populatiei\/"},"modified":"2025-03-24T11:45:00","modified_gmt":"2025-03-24T11:45:00","slug":"aur-initiaza-o-motiune-simpla-impotriva-lui-catalin-predoiu-ministrul-de-interne-acuzat-ca-gireaza-o-intimidare-a-populatiei","status":"publish","type":"post","link":"https:\/\/247stiri.ro\/index.php\/2025\/03\/24\/aur-initiaza-o-motiune-simpla-impotriva-lui-catalin-predoiu-ministrul-de-interne-acuzat-ca-gireaza-o-intimidare-a-populatiei\/","title":{"rendered":"AUR ini\u021biaz\u0103 o mo\u021biune simpl\u0103 \u00eempotriva lui C\u0103t\u0103lin Predoiu: ministrul de Interne, acuzat c\u0103 &#8222;gireaz\u0103 o intimidare a popula\u021biei&#8221;"},"content":{"rendered":"<p>AUR va depune o mo\u021biune simpl\u0103 \u00eempotriva ministrului Afacerilor Interne, C\u0103t\u0103lin Predoiu, pe motiv c\u0103 acesta &#8222;gireaz\u0103 o intimidare a popula\u021biei&#8221;, a declarat, luni, liderul grupului parlamentar al partidului din Camera Deputa\u021bilor, Mihai Enache.<\/p>\n\n<p>&#8222;La Camera Deputa\u021bilor, vom depune o mo\u021biune simpl\u0103 \u00eempotriva domnului ministru de Interne, C\u0103t\u0103lin Predoiu, care, prin activitatea sa, gireaz\u0103 o intimidare a popula\u021biei. Ce am v\u0103zut zilele trecute cu anumi\u021bi influenceri de pe TikTok sau de pe alte re\u021bele sociale, care au fost ridica\u021bi de acas\u0103, care au fost umili\u021bi \u00een public, cum a fost cazul lui Bogdan Pe\u0219chir, nu este Justi\u021bie, nu este Poli\u021bie corect\u0103, este o form\u0103 de intimidare a cet\u0103\u021benilor \u0219i a aleg\u0103torilor. Domnul ministru de Interne nu trebuie s\u0103 \u00ee\u0219i pun\u0103 Poli\u021bia pe urmele celor care \u00ee\u0219i exprim\u0103 simpatiile politice pe re\u021belele de socializare&#8221;, a afirmat Enache, \u00eentr-o conferin\u021b\u0103 de pres\u0103 sus\u021binut\u0103 luni la Parlament.<\/p>\n<p>Potrivit acestuia, Predoiu trebuie s\u0103 explice dac\u0103 problemele cu re\u021belele de trafic de persoane de la grani\u021ba SUA cu Mexicul reprezint\u0103 motivul pentru am\u00e2narea acord\u0103rii vizelor pentru cet\u0103\u021benii rom\u00e2ni care vor s\u0103 c\u0103l\u0103toreasc\u0103 \u00een Statele Unite.<\/p>\n<p>&#8222;Domnul ministru de Interne ar trebui, \u00een locul urm\u0103ririi acestor influenceri, s\u0103 ia m\u0103suri, s\u0103 ias\u0103 public \u0219i s\u0103 ne spun\u0103 care sunt problemele re\u021belelor de trafic de persoane la grani\u021ba Statelor Unite cu Mexicul \u0219i s\u0103 ne spun\u0103 dac\u0103 aceasta este cauza pentru am\u00e2narea acord\u0103rii vizelor pentru cet\u0103\u021benii rom\u00e2ni pentru intrarea \u00een Statele Unite. Noi spunem c\u0103 un ministru de Interne trebuie s\u0103 se ocupe de problemele importante ale \u021b\u0103rii \u0219i ale cet\u0103\u021benilor \u0219i nu de Poli\u021bie politic\u0103 \u00eempotriva cet\u0103\u021benilor care au opinii personale, simpatii politice, pe care \u0219i le exprim\u0103 \u00een mod legal&#8221;, a precizat Enache.\u00a0<\/p>","protected":false},"excerpt":{"rendered":"<p>AUR va depune o mo\u021biune simpl\u0103 \u00eempotriva ministrului Afacerilor Interne, C\u0103t\u0103lin Predoiu, pe motiv c\u0103&hellip;<\/p>\n","protected":false},"author":0,"featured_media":42060,"comment_status":"open","ping_status":"open","sticky":false,"template":"","format":"standard","meta":{"footnotes":""},"categories":[3],"tags":[],"class_list":["post-42059","post","type-post","status-publish","format-standard","has-post-thumbnail","hentry","category-politica"],"_links":{"self":[{"href":"https:\/\/247stiri.ro\/index.php\/wp-json\/wp\/v2\/posts\/42059","targetHints":{"allow":["GET"]}}],"collection":[{"href":"https:\/\/247stiri.ro\/index.php\/wp-json\/wp\/v2\/posts"}],"about":[{"href":"https:\/\/247stiri.ro\/index.php\/wp-json\/wp\/v2\/types\/post"}],"replies":[{"embeddable":true,"href":"https:\/\/247stiri.ro\/index.php\/wp-json\/wp\/v2\/comments?post=42059"}],"version-history":[{"count":0,"href":"https:\/\/247stiri.ro\/index.php\/wp-json\/wp\/v2\/posts\/42059\/revisions"}],"wp:featuredmedia":[{"embeddable":true,"href":"https:\/\/247stiri.ro\/index.php\/wp-json\/wp\/v2\/media\/42060"}],"wp:attachment":[{"href":"https:\/\/247stiri.ro\/index.php\/wp-json\/wp\/v2\/media?parent=42059"}],"wp:term":[{"taxonomy":"category","embeddable":true,"href":"https:\/\/247stiri.ro\/index.php\/wp-json\/wp\/v2\/categories?post=42059"},{"taxonomy":"post_tag","embeddable":true,"href":"https:\/\/247stiri.ro\/index.php\/wp-json\/wp\/v2\/tags?post=42059"}],"curies":[{"name":"wp","href":"https:\/\/api.w.org\/{rel}","templated":true}]}}