{"id":42067,"date":"2025-03-24T11:45:04","date_gmt":"2025-03-24T11:45:04","guid":{"rendered":"https:\/\/247stiri.ro\/index.php\/2025\/03\/24\/atac-terorist-intr-o-statie-de-autobuz-din-nordul-israelului-un-barbat-a-murit-iar-altul-este-in-stare-grava-atacatorul-lichidat-de-politisti\/"},"modified":"2025-03-24T11:45:04","modified_gmt":"2025-03-24T11:45:04","slug":"atac-terorist-intr-o-statie-de-autobuz-din-nordul-israelului-un-barbat-a-murit-iar-altul-este-in-stare-grava-atacatorul-lichidat-de-politisti","status":"publish","type":"post","link":"https:\/\/247stiri.ro\/index.php\/2025\/03\/24\/atac-terorist-intr-o-statie-de-autobuz-din-nordul-israelului-un-barbat-a-murit-iar-altul-este-in-stare-grava-atacatorul-lichidat-de-politisti\/","title":{"rendered":"Atac terorist \u00eentr-o sta\u021bie de autobuz din nordul Israelului. Un b\u0103rbat a murit, iar altul este \u00een stare grav\u0103. Atacatorul, lichidat de poli\u021bi\u0219ti"},"content":{"rendered":"<p>Potrivit poli\u021biei, atacatorul este un cet\u0103\u021bean arab \u00een v\u00e2rst\u0103 de 26 de ani, care a fugit imediat dup\u0103 atac. \u00cens\u0103, la scurt timp a fost prins de oamenii legii \u0219i ucis.\u00a0<\/p>\n<p>Autorit\u0103\u021bile de la Tel Aviv spun c\u0103 acesta este primul atac \u00een Israel de c\u00e2nd armata israelian\u0103 a rupt armisti\u021biul cu Hamas \u0219i a reluat bombardamentele asupra F\u00e2\u0219iei Gaza.\u00a0<\/p>\n<p>\u201eUn terorist a deschis focul asupra civililor \u0219i a fost imediat neutralizat de poli\u021bi\u0219tii prezen\u021bi la fa\u021ba locului\u201d, a declarat purt\u0103torul de cuv\u00e2nt al poli\u021biei, care a precizat c\u0103 atacul a avut loc la intersec\u021bia Tishbi, l\u00e2ng\u0103 Yoqneam, la aproximativ cincisprezece kilometri sud-est de Haifa.\u00a0<\/p>\n<p>Magen David Adom, echivalentul israelian al Crucii Ro\u0219ii, a transmis c\u0103 un b\u0103rbat \u00een v\u00e2rst\u0103 de 70 a fost ucis \u00een atac \u0219i c\u0103 un alt b\u0103rbat 20 de ani a fost r\u0103nit \u0219i se afl\u0103 \u00een \u201estare grav\u0103\u201d.<\/p>\n<p>Cu c\u00e2teva ore \u00eenainte de acest atac, \u0219efa diploma\u021biei europene, Kaja Kallas, a avertizat c\u0103 loviturile armatei israeliene asupra Siriei \u0219i Libanului risc\u0103 s\u0103 duc\u0103 la \u201eo nou\u0103 escaladare\u201d \u00een regiune.\u00a0<\/p>\n<p>\u201eAc\u021biunile militare trebuie s\u0103 fie propor\u021bionale, iar loviturile israeliene asupra Siriei \u0219i Libanului risc\u0103 s\u0103 provoace o nou\u0103 escaladare\u201d, a declarat ea \u00een cadrul unei conferin\u021be de pres\u0103 cu ministrul israelian de externe Gideon Saar.<\/p>","protected":false},"excerpt":{"rendered":"<p>Potrivit poli\u021biei, atacatorul este un cet\u0103\u021bean arab \u00een v\u00e2rst\u0103 de 26 de ani, care a&hellip;<\/p>\n","protected":false},"author":0,"featured_media":42056,"comment_status":"open","ping_status":"open","sticky":false,"template":"","format":"standard","meta":{"footnotes":""},"categories":[2],"tags":[],"class_list":["post-42067","post","type-post","status-publish","format-standard","has-post-thumbnail","hentry","category-actual"],"_links":{"self":[{"href":"https:\/\/247stiri.ro\/index.php\/wp-json\/wp\/v2\/posts\/42067","targetHints":{"allow":["GET"]}}],"collection":[{"href":"https:\/\/247stiri.ro\/index.php\/wp-json\/wp\/v2\/posts"}],"about":[{"href":"https:\/\/247stiri.ro\/index.php\/wp-json\/wp\/v2\/types\/post"}],"replies":[{"embeddable":true,"href":"https:\/\/247stiri.ro\/index.php\/wp-json\/wp\/v2\/comments?post=42067"}],"version-history":[{"count":0,"href":"https:\/\/247stiri.ro\/index.php\/wp-json\/wp\/v2\/posts\/42067\/revisions"}],"wp:featuredmedia":[{"embeddable":true,"href":"https:\/\/247stiri.ro\/index.php\/wp-json\/wp\/v2\/media\/42056"}],"wp:attachment":[{"href":"https:\/\/247stiri.ro\/index.php\/wp-json\/wp\/v2\/media?parent=42067"}],"wp:term":[{"taxonomy":"category","embeddable":true,"href":"https:\/\/247stiri.ro\/index.php\/wp-json\/wp\/v2\/categories?post=42067"},{"taxonomy":"post_tag","embeddable":true,"href":"https:\/\/247stiri.ro\/index.php\/wp-json\/wp\/v2\/tags?post=42067"}],"curies":[{"name":"wp","href":"https:\/\/api.w.org\/{rel}","templated":true}]}}