{"id":42068,"date":"2025-03-24T11:45:04","date_gmt":"2025-03-24T11:45:04","guid":{"rendered":"https:\/\/247stiri.ro\/index.php\/2025\/03\/24\/rabla-2025-modificari-de-ultim-moment-ce-se-intampla-cu-ecotichetul-anuntul-ministrului-mediului\/"},"modified":"2025-03-24T11:45:04","modified_gmt":"2025-03-24T11:45:04","slug":"rabla-2025-modificari-de-ultim-moment-ce-se-intampla-cu-ecotichetul-anuntul-ministrului-mediului","status":"publish","type":"post","link":"https:\/\/247stiri.ro\/index.php\/2025\/03\/24\/rabla-2025-modificari-de-ultim-moment-ce-se-intampla-cu-ecotichetul-anuntul-ministrului-mediului\/","title":{"rendered":"Rabla 2025. Modific\u0103ri de ultim moment. Ce se \u00eent\u00e2mpl\u0103 cu ecotichetul. Anun\u021bul ministrului Mediului"},"content":{"rendered":"<p>Printre nout\u0103\u021bile anului 2025 se num\u0103r\u0103 o schimbare semnificativ\u0103 \u00een procesul de \u00eenscriere, rom\u00e2nii av\u00e2nd posibilitatea de a se \u00eenregistra direct pe platforma programului, f\u0103r\u0103 a mai depinde de dealeri auto. Aceast\u0103 schimbare vizeaz\u0103 simplificarea procesului, permi\u021b\u00e2ndu-le consumatorilor s\u0103 ob\u021bin\u0103 voucherul \u0219i s\u0103-l foloseasc\u0103 la orice dealer auto.<\/p>\n<p>\u00cen acela\u0219i timp, Ministerul Mediului a lansat, pe 5 martie 2025, \u00een consultare public\u0103, Ghidul pentru Programul Rabla, care include detalii esen\u021biale despre cuantumul ecotichetelor. Astfel, ecotichetul pentru vehiculele 100% electrice va r\u0103m\u00e2ne la valoarea din 2024, de 25.500 de lei (aproximativ 5.000 de euro), \u00een timp ce pentru achizi\u021bia unor autoturisme cu propulsie termic\u0103 sau hibrid, ecotichetul va fi de 10.000 de lei. De asemenea, se acord\u0103 7.000 de lei pentru motocicletele noi \u0219i 13.000 de lei pentru vehiculele plug-in hibride.<\/p>\n<p>Aceast\u0103 propunere a fost criticat\u0103 \u00eens\u0103 de Asocia\u021bia Produc\u0103torilor \u0219i Importatorilor de Automobile (APIA) care consider\u0103 c\u0103 subven\u021biile actuale nu sunt suficiente pentru a sus\u021bine tranzi\u021bia c\u0103tre mobilitatea electric\u0103. APIA a subliniat faptul c\u0103 reducerea drastic\u0103 a subven\u021biilor \u00een 2024 a dus la o sc\u0103dere alarmant\u0103 a v\u00e2nz\u0103rilor de vehicule electrice, Rom\u00e2nia ajung\u00e2nd pe ultimul loc \u00een Uniunea European\u0103 la acest capitol. \u00cen plus, asocia\u021bia a sugerat majorarea subven\u021biei pentru vehiculele electrice la 8.500 de euro \u00een 2025, precum \u0219i ajustarea plafonului maxim de achizi\u021bie eligibil\u0103 la 80.000 de euro, pentru a reflecta infla\u021bia \u0219i nevoile pie\u021bei.<\/p>","protected":false},"excerpt":{"rendered":"<p>Printre nout\u0103\u021bile anului 2025 se num\u0103r\u0103 o schimbare semnificativ\u0103 \u00een procesul de \u00eenscriere, rom\u00e2nii av\u00e2nd&hellip;<\/p>\n","protected":false},"author":0,"featured_media":42069,"comment_status":"open","ping_status":"open","sticky":false,"template":"","format":"standard","meta":{"footnotes":""},"categories":[2],"tags":[],"class_list":["post-42068","post","type-post","status-publish","format-standard","has-post-thumbnail","hentry","category-actual"],"_links":{"self":[{"href":"https:\/\/247stiri.ro\/index.php\/wp-json\/wp\/v2\/posts\/42068","targetHints":{"allow":["GET"]}}],"collection":[{"href":"https:\/\/247stiri.ro\/index.php\/wp-json\/wp\/v2\/posts"}],"about":[{"href":"https:\/\/247stiri.ro\/index.php\/wp-json\/wp\/v2\/types\/post"}],"replies":[{"embeddable":true,"href":"https:\/\/247stiri.ro\/index.php\/wp-json\/wp\/v2\/comments?post=42068"}],"version-history":[{"count":0,"href":"https:\/\/247stiri.ro\/index.php\/wp-json\/wp\/v2\/posts\/42068\/revisions"}],"wp:featuredmedia":[{"embeddable":true,"href":"https:\/\/247stiri.ro\/index.php\/wp-json\/wp\/v2\/media\/42069"}],"wp:attachment":[{"href":"https:\/\/247stiri.ro\/index.php\/wp-json\/wp\/v2\/media?parent=42068"}],"wp:term":[{"taxonomy":"category","embeddable":true,"href":"https:\/\/247stiri.ro\/index.php\/wp-json\/wp\/v2\/categories?post=42068"},{"taxonomy":"post_tag","embeddable":true,"href":"https:\/\/247stiri.ro\/index.php\/wp-json\/wp\/v2\/tags?post=42068"}],"curies":[{"name":"wp","href":"https:\/\/api.w.org\/{rel}","templated":true}]}}