{"id":42070,"date":"2025-03-24T11:45:05","date_gmt":"2025-03-24T11:45:05","guid":{"rendered":"https:\/\/247stiri.ro\/index.php\/2025\/03\/24\/stegarul-dac-recidiveaza-dupa-ce-a-fost-externat-s-a-urcat-sa-protesteze-in-varful-unui-copac-video\/"},"modified":"2025-03-24T11:45:05","modified_gmt":"2025-03-24T11:45:05","slug":"stegarul-dac-recidiveaza-dupa-ce-a-fost-externat-s-a-urcat-sa-protesteze-in-varful-unui-copac-video","status":"publish","type":"post","link":"https:\/\/247stiri.ro\/index.php\/2025\/03\/24\/stegarul-dac-recidiveaza-dupa-ce-a-fost-externat-s-a-urcat-sa-protesteze-in-varful-unui-copac-video\/","title":{"rendered":"Stegarul Dac recidiveaz\u0103, dup\u0103 ce a fost externat. S-a urcat s\u0103 protesteze \u00een v\u00e2rful unui copac VIDEO"},"content":{"rendered":"<p>Ce spune poli\u021bia<\/p>\n<p>\u201eAst\u0103zi, 24 martie 2025, poli\u021bi\u0219tii Capitalei au fost sesiza\u021bi cu privire la faptul c\u0103, o persoan\u0103 s-ar fi urcat \u00eentr-un copac, aflat \u00een zona Arestului Central al Poli\u021biei Capitalei, pun\u00e2nd \u00een pericol at\u00e2t siguran\u021ba sa, c\u00e2t \u0219i a celorlalte persoane care se aflau \u00een trecere pe trotuarul din prelungirea gardului care \u00eemprejmuie\u0219te copacul respectiv.<\/p>\n<p>La fa\u021ba locului a fost identificat un b\u0103rbat, \u00een v\u00e2rst\u0103 de 58 de ani.<\/p>\n<p>Men\u021bion\u0103m faptul c\u0103 \u00een acest moment se desf\u0103\u0219oar\u0103 activit\u0103\u021bi \u00een vederea protej\u0103rii persoanei \u00een cauz\u0103, dar \u0219i a persoanelor care se afl\u0103 \u00een zon\u0103.\u00a0<\/p>\n<p>Preciz\u0103m faptul c\u0103, \u00een aceast\u0103 situa\u021bie au fost dispuse de \u00eendat\u0103 toate m\u0103surile \u00een vederea delimit\u0103rii zonei \u0219i pentru a preveni p\u0103trunderea b\u0103rbatului \u00een curtea sediului Arestului Central.<\/p>\n<p>De asemenea, echipele de negociatori, din cadrul Serviciului pentru Ac\u021biuni Speciale, sosite la adres\u0103, rela\u021bioneaz\u0103 cu b\u0103rbatul \u00een cauz\u0103.<\/p>\n<p>Din primele verific\u0103ri, b\u0103rbatul a escaladat un gard exterior din plas\u0103 bordurat\u0103, care se afl\u0103 la baza crengilor copacului respectiv, ceea ce i-a facilitat urcarea la \u00een\u0103l\u021bime.<\/p>\n<p>Totodat\u0103, \u00een sprijin s-au deplasat \u0219i echipaje din cadrul Inspectoratului pentru Situa\u021bii de Urgen\u021b\u0103 Bucure\u0219ti-Ilfov, echipaje de jandarmi, dar \u0219i echipaje de prim-ajutor.<\/p>\n<p>Men\u021bion\u0103m faptul c\u0103 siguran\u021ba cet\u0103\u021benilor este prioritar\u0103 \u00een cazul unor astfel de interven\u021bii.<\/p>\n<p>\u00cen prezent activit\u0103\u021bile sunt \u00een dinamic\u0103.\u201d, se arat\u0103 \u00een comunicatul poli\u021biei.<\/p>","protected":false},"excerpt":{"rendered":"<p>Ce spune poli\u021bia \u201eAst\u0103zi, 24 martie 2025, poli\u021bi\u0219tii Capitalei au fost sesiza\u021bi cu privire la&hellip;<\/p>\n","protected":false},"author":0,"featured_media":42071,"comment_status":"open","ping_status":"open","sticky":false,"template":"","format":"standard","meta":{"footnotes":""},"categories":[2],"tags":[],"class_list":["post-42070","post","type-post","status-publish","format-standard","has-post-thumbnail","hentry","category-actual"],"_links":{"self":[{"href":"https:\/\/247stiri.ro\/index.php\/wp-json\/wp\/v2\/posts\/42070","targetHints":{"allow":["GET"]}}],"collection":[{"href":"https:\/\/247stiri.ro\/index.php\/wp-json\/wp\/v2\/posts"}],"about":[{"href":"https:\/\/247stiri.ro\/index.php\/wp-json\/wp\/v2\/types\/post"}],"replies":[{"embeddable":true,"href":"https:\/\/247stiri.ro\/index.php\/wp-json\/wp\/v2\/comments?post=42070"}],"version-history":[{"count":0,"href":"https:\/\/247stiri.ro\/index.php\/wp-json\/wp\/v2\/posts\/42070\/revisions"}],"wp:featuredmedia":[{"embeddable":true,"href":"https:\/\/247stiri.ro\/index.php\/wp-json\/wp\/v2\/media\/42071"}],"wp:attachment":[{"href":"https:\/\/247stiri.ro\/index.php\/wp-json\/wp\/v2\/media?parent=42070"}],"wp:term":[{"taxonomy":"category","embeddable":true,"href":"https:\/\/247stiri.ro\/index.php\/wp-json\/wp\/v2\/categories?post=42070"},{"taxonomy":"post_tag","embeddable":true,"href":"https:\/\/247stiri.ro\/index.php\/wp-json\/wp\/v2\/tags?post=42070"}],"curies":[{"name":"wp","href":"https:\/\/api.w.org\/{rel}","templated":true}]}}